{"id":79900,"date":"2020-08-24T20:11:26","date_gmt":"2020-08-24T23:11:26","guid":{"rendered":"https:\/\/eldiariodesanpedro.com.ar\/sitio\/?p=79900"},"modified":"2020-08-24T20:11:29","modified_gmt":"2020-08-24T23:11:29","slug":"arrecifes-tragico-accidente-en-ruta-8","status":"publish","type":"post","link":"https:\/\/eldiariodesanpedro.com.ar\/sitio\/arrecifes-tragico-accidente-en-ruta-8\/","title":{"rendered":"ARRECIFES | Tr\u00e1gico accidente en ruta 8"},"content":{"rendered":"<!-- VideographyWP Plugin Message: Automatic video embedding prevented by plugin options. -->\n\n<p>Un accidente fatal ocurri\u00f3 \u00e9ste s\u00e1bado a las 7.15 de la ma\u00f1ana en el km 93.500 de la ruta nacional 8, a la altura de San Antonio de Areco.<\/p>\n\n\n\n<p>El tr\u00e1gico siniestro se produjo cuando un BMW 320 que circulaba en sentido a Buenos Aires impact\u00f3 en la parte trasera de un cami\u00f3n Iveco.<\/p>\n\n\n\n<p>Como consecuencia del choque, el auto qued\u00f3 en la banquina y se incendi\u00f3 por completo, lo que produjo la muerte del conductor, un joven de 25 a\u00f1os domiciliado en la localidad de Lan\u00fas. El fuego avanz\u00f3 adem\u00e1s sobre el terreno circundante.<\/p>\n\n\n\n<p>Conductor y acompa\u00f1ante del cami\u00f3n, ambos de Capit\u00e1n Sarmiento, resultaron sin lesiones.<\/p>\n\n\n\n<p>Como muestran las fotograf\u00edas, el impacto provoc\u00f3 el cambio de mano del Iveco, en una zona donde hay una d\u00e1rsena no habilitada. En el momento del accidente, la ruta y su visibilidad no presentaban inconvenientes.<\/p>\n\n\n\n<p>Fuente: <a href=\"https:\/\/arrecifesnoticias.com\/policiales\/tragico-accidente-en-ruta-8-6\/\">Arrecifes Noticias<\/a><\/p>\n\n\n\n<figure class=\"wp-block-image size-large\"><img decoding=\"async\" width=\"746\" height=\"518\" data-attachment-id=\"79903\" data-permalink=\"https:\/\/eldiariodesanpedro.com.ar\/sitio\/arrecifes-tragico-accidente-en-ruta-8\/camion-accidente\/\" data-orig-file=\"https:\/\/eldiariodesanpedro.com.ar\/sitio\/wp-content\/uploads\/2020\/08\/Camion-accidente.jpeg\" data-orig-size=\"746,518\" data-comments-opened=\"1\" data-image-meta=\"{&quot;aperture&quot;:&quot;0&quot;,&quot;credit&quot;:&quot;&quot;,&quot;camera&quot;:&quot;&quot;,&quot;caption&quot;:&quot;&quot;,&quot;created_timestamp&quot;:&quot;0&quot;,&quot;copyright&quot;:&quot;&quot;,&quot;focal_length&quot;:&quot;0&quot;,&quot;iso&quot;:&quot;0&quot;,&quot;shutter_speed&quot;:&quot;0&quot;,&quot;title&quot;:&quot;&quot;,&quot;orientation&quot;:&quot;0&quot;}\" data-image-title=\"Camion-accidente\" data-image-description=\"\" data-image-caption=\"\" data-large-file=\"https:\/\/eldiariodesanpedro.com.ar\/sitio\/wp-content\/uploads\/2020\/08\/Camion-accidente.jpeg\" data-src=\"https:\/\/eldiariodesanpedro.com.ar\/sitio\/wp-content\/uploads\/2020\/08\/Camion-accidente.jpeg\" alt=\"\" class=\"wp-image-79903 lazyload\" data-srcset=\"https:\/\/eldiariodesanpedro.com.ar\/sitio\/wp-content\/uploads\/2020\/08\/Camion-accidente.jpeg 746w, https:\/\/eldiariodesanpedro.com.ar\/sitio\/wp-content\/uploads\/2020\/08\/Camion-accidente-300x208.jpeg 300w\" data-sizes=\"(max-width: 746px) 100vw, 746px\" src=\"data:image\/svg+xml;base64,PHN2ZyB3aWR0aD0iMSIgaGVpZ2h0PSIxIiB4bWxucz0iaHR0cDovL3d3dy53My5vcmcvMjAwMC9zdmciPjwvc3ZnPg==\" style=\"--smush-placeholder-width: 746px; --smush-placeholder-aspect-ratio: 746\/518;\" \/><\/figure>\n\n\n\n<figure class=\"wp-block-image size-large\"><img decoding=\"async\" width=\"703\" height=\"513\" data-attachment-id=\"79901\" data-permalink=\"https:\/\/eldiariodesanpedro.com.ar\/sitio\/arrecifes-tragico-accidente-en-ruta-8\/bmw-accidente\/\" data-orig-file=\"https:\/\/eldiariodesanpedro.com.ar\/sitio\/wp-content\/uploads\/2020\/08\/BMW-accidente.jpeg\" data-orig-size=\"703,513\" data-comments-opened=\"1\" data-image-meta=\"{&quot;aperture&quot;:&quot;0&quot;,&quot;credit&quot;:&quot;&quot;,&quot;camera&quot;:&quot;&quot;,&quot;caption&quot;:&quot;&quot;,&quot;created_timestamp&quot;:&quot;0&quot;,&quot;copyright&quot;:&quot;&quot;,&quot;focal_length&quot;:&quot;0&quot;,&quot;iso&quot;:&quot;0&quot;,&quot;shutter_speed&quot;:&quot;0&quot;,&quot;title&quot;:&quot;&quot;,&quot;orientation&quot;:&quot;0&quot;}\" data-image-title=\"BMW-accidente\" data-image-description=\"\" data-image-caption=\"\" data-large-file=\"https:\/\/eldiariodesanpedro.com.ar\/sitio\/wp-content\/uploads\/2020\/08\/BMW-accidente.jpeg\" data-src=\"https:\/\/eldiariodesanpedro.com.ar\/sitio\/wp-content\/uploads\/2020\/08\/BMW-accidente.jpeg\" alt=\"\" class=\"wp-image-79901 lazyload\" data-srcset=\"https:\/\/eldiariodesanpedro.com.ar\/sitio\/wp-content\/uploads\/2020\/08\/BMW-accidente.jpeg 703w, https:\/\/eldiariodesanpedro.com.ar\/sitio\/wp-content\/uploads\/2020\/08\/BMW-accidente-300x219.jpeg 300w\" data-sizes=\"(max-width: 703px) 100vw, 703px\" src=\"data:image\/svg+xml;base64,PHN2ZyB3aWR0aD0iMSIgaGVpZ2h0PSIxIiB4bWxucz0iaHR0cDovL3d3dy53My5vcmcvMjAwMC9zdmciPjwvc3ZnPg==\" style=\"--smush-placeholder-width: 703px; --smush-placeholder-aspect-ratio: 703\/513;\" \/><\/figure>\n","protected":false},"excerpt":{"rendered":"<p>Un accidente fatal ocurri\u00f3 \u00e9ste s\u00e1bado a las 7.15 de la ma\u00f1ana en el km 93.500 de la ruta nacional 8, a la altura de San Antonio de Areco. El tr\u00e1gico siniestro se produjo cuando un BMW 320 que circulaba en sentido a Buenos Aires impact\u00f3 en la parte trasera de un cami\u00f3n Iveco. Como [&hellip;]<\/p>\n","protected":false},"author":4,"featured_media":79902,"comment_status":"open","ping_status":"closed","sticky":false,"template":"","format":"standard","meta":{"om_disable_all_campaigns":false,"_jetpack_memberships_contains_paid_content":false,"footnotes":""},"categories":[621],"tags":[640,197,681],"class_list":["post-79900","post","type-post","status-publish","format-standard","has-post-thumbnail","hentry","category-regionales","tag-arrecifes","tag-buenos-aires","tag-regionales"],"aioseo_notices":[],"gutentor_comment":0,"jetpack_featured_media_url":"https:\/\/eldiariodesanpedro.com.ar\/sitio\/wp-content\/uploads\/2020\/08\/BMW-incendiado-856x510-1.jpeg","jetpack_shortlink":"https:\/\/wp.me\/p6RhLt-kMI","jetpack_sharing_enabled":true,"_links":{"self":[{"href":"https:\/\/eldiariodesanpedro.com.ar\/sitio\/wp-json\/wp\/v2\/posts\/79900","targetHints":{"allow":["GET"]}}],"collection":[{"href":"https:\/\/eldiariodesanpedro.com.ar\/sitio\/wp-json\/wp\/v2\/posts"}],"about":[{"href":"https:\/\/eldiariodesanpedro.com.ar\/sitio\/wp-json\/wp\/v2\/types\/post"}],"author":[{"embeddable":true,"href":"https:\/\/eldiariodesanpedro.com.ar\/sitio\/wp-json\/wp\/v2\/users\/4"}],"replies":[{"embeddable":true,"href":"https:\/\/eldiariodesanpedro.com.ar\/sitio\/wp-json\/wp\/v2\/comments?post=79900"}],"version-history":[{"count":1,"href":"https:\/\/eldiariodesanpedro.com.ar\/sitio\/wp-json\/wp\/v2\/posts\/79900\/revisions"}],"predecessor-version":[{"id":79904,"href":"https:\/\/eldiariodesanpedro.com.ar\/sitio\/wp-json\/wp\/v2\/posts\/79900\/revisions\/79904"}],"wp:featuredmedia":[{"embeddable":true,"href":"https:\/\/eldiariodesanpedro.com.ar\/sitio\/wp-json\/wp\/v2\/media\/79902"}],"wp:attachment":[{"href":"https:\/\/eldiariodesanpedro.com.ar\/sitio\/wp-json\/wp\/v2\/media?parent=79900"}],"wp:term":[{"taxonomy":"category","embeddable":true,"href":"https:\/\/eldiariodesanpedro.com.ar\/sitio\/wp-json\/wp\/v2\/categories?post=79900"},{"taxonomy":"post_tag","embeddable":true,"href":"https:\/\/eldiariodesanpedro.com.ar\/sitio\/wp-json\/wp\/v2\/tags?post=79900"}],"curies":[{"name":"wp","href":"https:\/\/api.w.org\/{rel}","templated":true}]}}