{"id":79896,"date":"2020-08-24T19:13:46","date_gmt":"2020-08-24T22:13:46","guid":{"rendered":"https:\/\/eldiariodesanpedro.com.ar\/sitio\/?p=79896"},"modified":"2020-08-24T19:13:50","modified_gmt":"2020-08-24T22:13:50","slug":"arrecifes-la-policia-no-informa-a-los-medios-de-comunicaciones-sobre-hechos-delictivos","status":"publish","type":"post","link":"https:\/\/eldiariodesanpedro.com.ar\/sitio\/arrecifes-la-policia-no-informa-a-los-medios-de-comunicaciones-sobre-hechos-delictivos\/","title":{"rendered":"ARRECIFES | La polic\u00eda no informa a los medios de comunicaciones sobre hechos delictivos"},"content":{"rendered":"<!-- VideographyWP Plugin Message: Automatic video embedding prevented by plugin options. -->\n\n<p>Por decisi\u00f3n de la Municipalidad de Arrecifes, desde hace unos meses la Polic\u00eda local ya no puede informar a los medios sobre robos ocurridos y denuncias recibidas, como se hizo hist\u00f3ricamente en nuestra ciudad.<\/p>\n\n\n\n<p>A los funcionarios policiales tampoco se les permite responder a consultas period\u00edsticas, salvo alg\u00fan caso especial y con autorizaci\u00f3n previa de las autoridades pol\u00edticas locales.<\/p>\n\n\n\n<p>Los partes de prensa policiales que reciben los medios son enviados desde la Comisar\u00eda a la Secretar\u00eda de Seguridad P\u00fablica municipal, all\u00ed son evaluados para decidir qu\u00e9 y c\u00f3mo se comunica. Habitualmente esta \u00faltima tarea se realiza dos veces por semana, o a veces una, por lo que las noticias que ustedes leen generalmente tienen varios d\u00edas de retraso.<\/p>\n\n\n\n<p>Recordamos que la Polic\u00eda de Arrecifes es Comunal y su m\u00e1xima autoridad es el Intendente.<\/p>\n\n\n\n<p>Fuente: <a href=\"https:\/\/arrecifesnoticias.com\/policiales\/la-policia-de-arrecifes-ya-no-puede-informar-las-denuncias\/\">Arrecifes Noticias<\/a><\/p>\n","protected":false},"excerpt":{"rendered":"<p>Por decisi\u00f3n de la Municipalidad de Arrecifes, desde hace unos meses la Polic\u00eda local ya no puede informar a los medios sobre robos ocurridos y denuncias recibidas, como se hizo hist\u00f3ricamente en nuestra ciudad. A los funcionarios policiales tampoco se les permite responder a consultas period\u00edsticas, salvo alg\u00fan caso especial y con autorizaci\u00f3n previa de [&hellip;]<\/p>\n","protected":false},"author":4,"featured_media":79899,"comment_status":"open","ping_status":"closed","sticky":false,"template":"","format":"standard","meta":{"om_disable_all_campaigns":false,"_jetpack_memberships_contains_paid_content":false,"footnotes":""},"categories":[621],"tags":[640,197,681],"class_list":["post-79896","post","type-post","status-publish","format-standard","has-post-thumbnail","hentry","category-regionales","tag-arrecifes","tag-buenos-aires","tag-regionales"],"aioseo_notices":[],"gutentor_comment":0,"jetpack_featured_media_url":"https:\/\/eldiariodesanpedro.com.ar\/sitio\/wp-content\/uploads\/2020\/08\/Comisaria-696x510-2.jpg","jetpack_shortlink":"https:\/\/wp.me\/p6RhLt-kME","jetpack_sharing_enabled":true,"_links":{"self":[{"href":"https:\/\/eldiariodesanpedro.com.ar\/sitio\/wp-json\/wp\/v2\/posts\/79896","targetHints":{"allow":["GET"]}}],"collection":[{"href":"https:\/\/eldiariodesanpedro.com.ar\/sitio\/wp-json\/wp\/v2\/posts"}],"about":[{"href":"https:\/\/eldiariodesanpedro.com.ar\/sitio\/wp-json\/wp\/v2\/types\/post"}],"author":[{"embeddable":true,"href":"https:\/\/eldiariodesanpedro.com.ar\/sitio\/wp-json\/wp\/v2\/users\/4"}],"replies":[{"embeddable":true,"href":"https:\/\/eldiariodesanpedro.com.ar\/sitio\/wp-json\/wp\/v2\/comments?post=79896"}],"version-history":[{"count":1,"href":"https:\/\/eldiariodesanpedro.com.ar\/sitio\/wp-json\/wp\/v2\/posts\/79896\/revisions"}],"predecessor-version":[{"id":79898,"href":"https:\/\/eldiariodesanpedro.com.ar\/sitio\/wp-json\/wp\/v2\/posts\/79896\/revisions\/79898"}],"wp:featuredmedia":[{"embeddable":true,"href":"https:\/\/eldiariodesanpedro.com.ar\/sitio\/wp-json\/wp\/v2\/media\/79899"}],"wp:attachment":[{"href":"https:\/\/eldiariodesanpedro.com.ar\/sitio\/wp-json\/wp\/v2\/media?parent=79896"}],"wp:term":[{"taxonomy":"category","embeddable":true,"href":"https:\/\/eldiariodesanpedro.com.ar\/sitio\/wp-json\/wp\/v2\/categories?post=79896"},{"taxonomy":"post_tag","embeddable":true,"href":"https:\/\/eldiariodesanpedro.com.ar\/sitio\/wp-json\/wp\/v2\/tags?post=79896"}],"curies":[{"name":"wp","href":"https:\/\/api.w.org\/{rel}","templated":true}]}}