{"id":79893,"date":"2020-08-24T19:02:37","date_gmt":"2020-08-24T22:02:37","guid":{"rendered":"https:\/\/eldiariodesanpedro.com.ar\/sitio\/?p=79893"},"modified":"2020-08-24T19:02:41","modified_gmt":"2020-08-24T22:02:41","slug":"arrecifes-le-pegaron-lo-ataron-y-le-robaron","status":"publish","type":"post","link":"https:\/\/eldiariodesanpedro.com.ar\/sitio\/arrecifes-le-pegaron-lo-ataron-y-le-robaron\/","title":{"rendered":"ARRECIFES | Le pegaron, lo ataron y le robaron"},"content":{"rendered":"<!-- VideographyWP Plugin Message: Automatic video embedding prevented by plugin options. -->\n\n<p>Un robo de violentas caracter\u00edsticas se produjo este domingo en un domicilio de Avenida Intendente Blanco.<\/p>\n\n\n\n<p>Seg\u00fan el informe policial, difundido por la Secretar\u00eda de Seguridad municipal, se tom\u00f3 conocimiento por un llamado telef\u00f3nico a la Comisar\u00eda local que ese d\u00eda, en horas de la madrugada, un masculino ingres\u00f3 en una vivienda ubicada en Av. Intendente Blanco 867.<\/p>\n\n\n\n<p>Luego de golpear y atar a su morador, el delincuente le rob\u00f3 dinero en efectivo, para luego dejar a la v\u00edctima reducida dentro de su casa.<\/p>\n\n\n\n<p>El propietario de la vivienda fue derivado al Hospital Municipal Santa Francisca Romana, donde se le constataron lesiones de car\u00e1cter leve.<\/p>\n\n\n\n<p>El titular de la Ayudant\u00eda Fiscal de Arrecifes, Dr. Alfredo Iglesias, caratul\u00f3 las actuaciones como robo calificado, dando intervenci\u00f3n a la UFI 6 y Juzgado de Garant\u00edas 6 del Departamento Judicial de San Nicol\u00e1s.<\/p>\n\n\n\n<p>Personal de la Sub DDI Arrecifes trabaja en la investigaci\u00f3n e identificaci\u00f3n de la persona autora del delito.<\/p>\n\n\n\n<p>Fuente: <a href=\"https:\/\/arrecifesnoticias.com\/policiales\/le-pegaron-lo-ataron-y-le-robaron\/\">Arrecifes Noticias<\/a><\/p>\n","protected":false},"excerpt":{"rendered":"<p>Un robo de violentas caracter\u00edsticas se produjo este domingo en un domicilio de Avenida Intendente Blanco. Seg\u00fan el informe policial, difundido por la Secretar\u00eda de Seguridad municipal, se tom\u00f3 conocimiento por un llamado telef\u00f3nico a la Comisar\u00eda local que ese d\u00eda, en horas de la madrugada, un masculino ingres\u00f3 en una vivienda ubicada en Av. [&hellip;]<\/p>\n","protected":false},"author":4,"featured_media":79894,"comment_status":"open","ping_status":"closed","sticky":false,"template":"","format":"standard","meta":{"om_disable_all_campaigns":false,"_jetpack_memberships_contains_paid_content":false,"footnotes":""},"categories":[621],"tags":[640,197,681],"class_list":["post-79893","post","type-post","status-publish","format-standard","has-post-thumbnail","hentry","category-regionales","tag-arrecifes","tag-buenos-aires","tag-regionales"],"aioseo_notices":[],"gutentor_comment":0,"jetpack_featured_media_url":"https:\/\/eldiariodesanpedro.com.ar\/sitio\/wp-content\/uploads\/2020\/08\/Av-Intendente-Blanco-768x510-1.jpg","jetpack_shortlink":"https:\/\/wp.me\/p6RhLt-kMB","jetpack_sharing_enabled":true,"_links":{"self":[{"href":"https:\/\/eldiariodesanpedro.com.ar\/sitio\/wp-json\/wp\/v2\/posts\/79893","targetHints":{"allow":["GET"]}}],"collection":[{"href":"https:\/\/eldiariodesanpedro.com.ar\/sitio\/wp-json\/wp\/v2\/posts"}],"about":[{"href":"https:\/\/eldiariodesanpedro.com.ar\/sitio\/wp-json\/wp\/v2\/types\/post"}],"author":[{"embeddable":true,"href":"https:\/\/eldiariodesanpedro.com.ar\/sitio\/wp-json\/wp\/v2\/users\/4"}],"replies":[{"embeddable":true,"href":"https:\/\/eldiariodesanpedro.com.ar\/sitio\/wp-json\/wp\/v2\/comments?post=79893"}],"version-history":[{"count":1,"href":"https:\/\/eldiariodesanpedro.com.ar\/sitio\/wp-json\/wp\/v2\/posts\/79893\/revisions"}],"predecessor-version":[{"id":79895,"href":"https:\/\/eldiariodesanpedro.com.ar\/sitio\/wp-json\/wp\/v2\/posts\/79893\/revisions\/79895"}],"wp:featuredmedia":[{"embeddable":true,"href":"https:\/\/eldiariodesanpedro.com.ar\/sitio\/wp-json\/wp\/v2\/media\/79894"}],"wp:attachment":[{"href":"https:\/\/eldiariodesanpedro.com.ar\/sitio\/wp-json\/wp\/v2\/media?parent=79893"}],"wp:term":[{"taxonomy":"category","embeddable":true,"href":"https:\/\/eldiariodesanpedro.com.ar\/sitio\/wp-json\/wp\/v2\/categories?post=79893"},{"taxonomy":"post_tag","embeddable":true,"href":"https:\/\/eldiariodesanpedro.com.ar\/sitio\/wp-json\/wp\/v2\/tags?post=79893"}],"curies":[{"name":"wp","href":"https:\/\/api.w.org\/{rel}","templated":true}]}}