{"id":79890,"date":"2020-08-24T18:58:57","date_gmt":"2020-08-24T21:58:57","guid":{"rendered":"https:\/\/eldiariodesanpedro.com.ar\/sitio\/?p=79890"},"modified":"2020-08-24T18:59:00","modified_gmt":"2020-08-24T21:59:00","slug":"campana-encontraron-a-un-hombre-muerto-dentro-de-una-vivienda-tenia-el-60-del-cuerpo-quemado","status":"publish","type":"post","link":"https:\/\/eldiariodesanpedro.com.ar\/sitio\/campana-encontraron-a-un-hombre-muerto-dentro-de-una-vivienda-tenia-el-60-del-cuerpo-quemado\/","title":{"rendered":"CAMPANA | Encontraron a un hombre muerto dentro de una vivienda: ten\u00eda el 60% del cuerpo quemado"},"content":{"rendered":"<!-- VideographyWP Plugin Message: Automatic video embedding prevented by plugin options. -->\n\n<p><strong>El macabro hallazgo se produjo esta ma\u00f1ana de domingo en un vivienda de la calle Alberti al 800 de Campana. El hombre de 78 a\u00f1os viv\u00eda s\u00f3lo y no se hallaron indicios de un hecho delictivo, por lo que se habr\u00eda tratado de un siniestro ocasionado por la v\u00edctima.<\/strong><\/p>\n\n\n\n<p>El cuerpo del vecino con varias quemaduras fue encontrado por una mujer, al parecer seg\u00fan declar\u00f3 familiar, quien se acerc\u00f3 al notar fuego en la puerta y al intentar ingresar por parte trasera se encontr\u00f3 con el anciano en la parte trasera de la propiedad.<\/p>\n\n\n\n<p>R\u00e1pidamente se dio conocimiento a personal policial que acudi\u00f3 en primera instancia con el m\u00f3vil de Comando zona 4 que constat\u00f3 la situaci\u00f3n y di\u00f3 aviso a comisar\u00eda .<\/p>\n\n\n\n<p>La mujer, con un profundo ataque de nervios, debi\u00f3 ser contenida por las oficiales que trabajaron en el lugar y se solicit\u00f3 a personal del SAME.<br>Personal de Polic\u00eda Cient\u00edfica se hizo presente cerca del mediod\u00eda y realiz\u00f3 \u200b las tareas de rigor.<\/p>\n\n\n\n<p>La v\u00edctima fue identificada como Mario Marcos Novak de 78 a\u00f1os, quien sufr\u00eda problemas mentales y hab\u00eda tenido incidentes similares\u200b con fuego en otras ocasiones.El hecho qued\u00f3 en intervenci\u00f3n de la UFI N\u00b0 2 del Depto. Judicial Zarate Campana.<\/p>\n\n\n\n<p><strong>FUENTE: El campanense diario<\/strong><\/p>\n","protected":false},"excerpt":{"rendered":"<p>El macabro hallazgo se produjo esta ma\u00f1ana de domingo en un vivienda de la calle Alberti al 800 de Campana. El hombre de 78 a\u00f1os viv\u00eda s\u00f3lo y no se hallaron indicios de un hecho delictivo, por lo que se habr\u00eda tratado de un siniestro ocasionado por la v\u00edctima. El cuerpo del vecino con varias [&hellip;]<\/p>\n","protected":false},"author":4,"featured_media":79891,"comment_status":"open","ping_status":"closed","sticky":false,"template":"","format":"standard","meta":{"om_disable_all_campaigns":false,"_jetpack_memberships_contains_paid_content":false,"footnotes":""},"categories":[621],"tags":[197,686,681],"class_list":["post-79890","post","type-post","status-publish","format-standard","has-post-thumbnail","hentry","category-regionales","tag-buenos-aires","tag-campana-2","tag-regionales"],"aioseo_notices":[],"gutentor_comment":0,"jetpack_featured_media_url":"https:\/\/eldiariodesanpedro.com.ar\/sitio\/wp-content\/uploads\/2020\/08\/macabro-hallazgo.jpg","jetpack_shortlink":"https:\/\/wp.me\/p6RhLt-kMy","jetpack_sharing_enabled":true,"_links":{"self":[{"href":"https:\/\/eldiariodesanpedro.com.ar\/sitio\/wp-json\/wp\/v2\/posts\/79890","targetHints":{"allow":["GET"]}}],"collection":[{"href":"https:\/\/eldiariodesanpedro.com.ar\/sitio\/wp-json\/wp\/v2\/posts"}],"about":[{"href":"https:\/\/eldiariodesanpedro.com.ar\/sitio\/wp-json\/wp\/v2\/types\/post"}],"author":[{"embeddable":true,"href":"https:\/\/eldiariodesanpedro.com.ar\/sitio\/wp-json\/wp\/v2\/users\/4"}],"replies":[{"embeddable":true,"href":"https:\/\/eldiariodesanpedro.com.ar\/sitio\/wp-json\/wp\/v2\/comments?post=79890"}],"version-history":[{"count":1,"href":"https:\/\/eldiariodesanpedro.com.ar\/sitio\/wp-json\/wp\/v2\/posts\/79890\/revisions"}],"predecessor-version":[{"id":79892,"href":"https:\/\/eldiariodesanpedro.com.ar\/sitio\/wp-json\/wp\/v2\/posts\/79890\/revisions\/79892"}],"wp:featuredmedia":[{"embeddable":true,"href":"https:\/\/eldiariodesanpedro.com.ar\/sitio\/wp-json\/wp\/v2\/media\/79891"}],"wp:attachment":[{"href":"https:\/\/eldiariodesanpedro.com.ar\/sitio\/wp-json\/wp\/v2\/media?parent=79890"}],"wp:term":[{"taxonomy":"category","embeddable":true,"href":"https:\/\/eldiariodesanpedro.com.ar\/sitio\/wp-json\/wp\/v2\/categories?post=79890"},{"taxonomy":"post_tag","embeddable":true,"href":"https:\/\/eldiariodesanpedro.com.ar\/sitio\/wp-json\/wp\/v2\/tags?post=79890"}],"curies":[{"name":"wp","href":"https:\/\/api.w.org\/{rel}","templated":true}]}}