{"id":79886,"date":"2020-08-24T18:55:16","date_gmt":"2020-08-24T21:55:16","guid":{"rendered":"https:\/\/eldiariodesanpedro.com.ar\/sitio\/?p=79886"},"modified":"2020-08-24T18:55:21","modified_gmt":"2020-08-24T21:55:21","slug":"baradero-prefectura-asistio-a-un-isleno-que-fue-mordido-por-una-yarara","status":"publish","type":"post","link":"https:\/\/eldiariodesanpedro.com.ar\/sitio\/baradero-prefectura-asistio-a-un-isleno-que-fue-mordido-por-una-yarara\/","title":{"rendered":"BARADERO | Prefectura asisti\u00f3 a un isle\u00f1o que fue mordido por una yarar\u00e1"},"content":{"rendered":"<!-- VideographyWP Plugin Message: Automatic video embedding prevented by plugin options. -->\n\n<p>Efectivos de la Prefectura Naval Argentina asistieron a un joven que hab\u00eda sido mordido por una yarar\u00e1 en Baradero.<\/p>\n\n\n\n<p>La emergencia se produjo cuando la Fuerza recibi\u00f3 un pedido de ayuda debido a que un poblador isle\u00f1o, que presentaba una mordida de la mencionada serpiente venenosa, necesitaba ser trasladado de urgencia para recibir atenci\u00f3n m\u00e9dica.<\/p>\n\n\n\n<p>De inmediato, personal especializado de Prefectura, a bordo de una embarcaci\u00f3n, parti\u00f3 hacia el lugar, ubicado en el kil\u00f3metro 144 del R\u00edo Paran\u00e1 de las Palmas, y encontr\u00f3 al joven, quien presentaba una herida en el tobillo y dolores musculares.<\/p>\n\n\n\n<p>De acuerdo con el protocolo del Centro de Mordeduras de Animales Ponzo\u00f1osos de San Pedro, se lo traslad\u00f3 hacia el puerto de la ciudad, donde lo esperaba un m\u00e9dico y personal de Defensa Civil que lo deriv\u00f3 al Hospital Subzonal \u00abDr Emilio Ruffa\u00bb para la aplicaci\u00f3n del suero antiof\u00eddico.<\/p>\n\n\n\n<p>Fuente: <a href=\"http:\/\/www.enlacecritico.com\/destacados\/prefectura-asistio-en-baradero-a-un-isleno-que-fue-mordido-por-una-yarara\/\">Enlace Critico<\/a><\/p>\n\n\n\n<figure class=\"wp-block-image size-large\"><img decoding=\"async\" width=\"658\" height=\"400\" data-attachment-id=\"79888\" data-permalink=\"https:\/\/eldiariodesanpedro.com.ar\/sitio\/baradero-prefectura-asistio-a-un-isleno-que-fue-mordido-por-una-yarara\/img_20200824_150426\/\" data-orig-file=\"https:\/\/eldiariodesanpedro.com.ar\/sitio\/wp-content\/uploads\/2020\/08\/IMG_20200824_150426.jpg\" data-orig-size=\"658,400\" data-comments-opened=\"1\" data-image-meta=\"{&quot;aperture&quot;:&quot;0&quot;,&quot;credit&quot;:&quot;&quot;,&quot;camera&quot;:&quot;&quot;,&quot;caption&quot;:&quot;&quot;,&quot;created_timestamp&quot;:&quot;0&quot;,&quot;copyright&quot;:&quot;&quot;,&quot;focal_length&quot;:&quot;0&quot;,&quot;iso&quot;:&quot;0&quot;,&quot;shutter_speed&quot;:&quot;0&quot;,&quot;title&quot;:&quot;&quot;,&quot;orientation&quot;:&quot;0&quot;}\" data-image-title=\"IMG_20200824_150426\" data-image-description=\"\" data-image-caption=\"\" data-large-file=\"https:\/\/eldiariodesanpedro.com.ar\/sitio\/wp-content\/uploads\/2020\/08\/IMG_20200824_150426.jpg\" data-src=\"https:\/\/eldiariodesanpedro.com.ar\/sitio\/wp-content\/uploads\/2020\/08\/IMG_20200824_150426.jpg\" alt=\"\" class=\"wp-image-79888 lazyload\" data-srcset=\"https:\/\/eldiariodesanpedro.com.ar\/sitio\/wp-content\/uploads\/2020\/08\/IMG_20200824_150426.jpg 658w, https:\/\/eldiariodesanpedro.com.ar\/sitio\/wp-content\/uploads\/2020\/08\/IMG_20200824_150426-300x182.jpg 300w\" data-sizes=\"(max-width: 658px) 100vw, 658px\" src=\"data:image\/svg+xml;base64,PHN2ZyB3aWR0aD0iMSIgaGVpZ2h0PSIxIiB4bWxucz0iaHR0cDovL3d3dy53My5vcmcvMjAwMC9zdmciPjwvc3ZnPg==\" style=\"--smush-placeholder-width: 658px; --smush-placeholder-aspect-ratio: 658\/400;\" \/><\/figure>\n","protected":false},"excerpt":{"rendered":"<p>Efectivos de la Prefectura Naval Argentina asistieron a un joven que hab\u00eda sido mordido por una yarar\u00e1 en Baradero. La emergencia se produjo cuando la Fuerza recibi\u00f3 un pedido de ayuda debido a que un poblador isle\u00f1o, que presentaba una mordida de la mencionada serpiente venenosa, necesitaba ser trasladado de urgencia para recibir atenci\u00f3n m\u00e9dica. [&hellip;]<\/p>\n","protected":false},"author":4,"featured_media":79887,"comment_status":"open","ping_status":"closed","sticky":false,"template":"","format":"standard","meta":{"om_disable_all_campaigns":false,"_jetpack_memberships_contains_paid_content":false,"footnotes":""},"categories":[621],"tags":[139,197,681],"class_list":["post-79886","post","type-post","status-publish","format-standard","has-post-thumbnail","hentry","category-regionales","tag-baradero","tag-buenos-aires","tag-regionales"],"aioseo_notices":[],"gutentor_comment":0,"jetpack_featured_media_url":"https:\/\/eldiariodesanpedro.com.ar\/sitio\/wp-content\/uploads\/2020\/08\/IMG_20200824_150412.jpg","jetpack_shortlink":"https:\/\/wp.me\/p6RhLt-kMu","jetpack_sharing_enabled":true,"_links":{"self":[{"href":"https:\/\/eldiariodesanpedro.com.ar\/sitio\/wp-json\/wp\/v2\/posts\/79886","targetHints":{"allow":["GET"]}}],"collection":[{"href":"https:\/\/eldiariodesanpedro.com.ar\/sitio\/wp-json\/wp\/v2\/posts"}],"about":[{"href":"https:\/\/eldiariodesanpedro.com.ar\/sitio\/wp-json\/wp\/v2\/types\/post"}],"author":[{"embeddable":true,"href":"https:\/\/eldiariodesanpedro.com.ar\/sitio\/wp-json\/wp\/v2\/users\/4"}],"replies":[{"embeddable":true,"href":"https:\/\/eldiariodesanpedro.com.ar\/sitio\/wp-json\/wp\/v2\/comments?post=79886"}],"version-history":[{"count":1,"href":"https:\/\/eldiariodesanpedro.com.ar\/sitio\/wp-json\/wp\/v2\/posts\/79886\/revisions"}],"predecessor-version":[{"id":79889,"href":"https:\/\/eldiariodesanpedro.com.ar\/sitio\/wp-json\/wp\/v2\/posts\/79886\/revisions\/79889"}],"wp:featuredmedia":[{"embeddable":true,"href":"https:\/\/eldiariodesanpedro.com.ar\/sitio\/wp-json\/wp\/v2\/media\/79887"}],"wp:attachment":[{"href":"https:\/\/eldiariodesanpedro.com.ar\/sitio\/wp-json\/wp\/v2\/media?parent=79886"}],"wp:term":[{"taxonomy":"category","embeddable":true,"href":"https:\/\/eldiariodesanpedro.com.ar\/sitio\/wp-json\/wp\/v2\/categories?post=79886"},{"taxonomy":"post_tag","embeddable":true,"href":"https:\/\/eldiariodesanpedro.com.ar\/sitio\/wp-json\/wp\/v2\/tags?post=79886"}],"curies":[{"name":"wp","href":"https:\/\/api.w.org\/{rel}","templated":true}]}}