{"id":79879,"date":"2020-08-24T18:45:52","date_gmt":"2020-08-24T21:45:52","guid":{"rendered":"https:\/\/eldiariodesanpedro.com.ar\/sitio\/?p=79879"},"modified":"2020-08-24T18:45:53","modified_gmt":"2020-08-24T21:45:53","slug":"islas-piden-empatia-de-ambientalistas-y-mas-seguridad","status":"publish","type":"post","link":"https:\/\/eldiariodesanpedro.com.ar\/sitio\/islas-piden-empatia-de-ambientalistas-y-mas-seguridad\/","title":{"rendered":"Islas: Piden empat\u00eda de ambientalistas y m\u00e1s seguridad"},"content":{"rendered":"<!-- VideographyWP Plugin Message: Automatic video embedding prevented by plugin options. -->\n\n<p>Anal\u00eda Esper\u00f3n, nicole\u00f1a y productora ganadera, asentada actualmente en las islas Lechiguanas, Entre R\u00edos habl\u00f3 sobre los incendios que hay en esa zona y que afecta a toda la regi\u00f3n, se\u00f1alando la necesidad imperante de mayor seguridad y control, dado que Prefectura no da a basto, habiendo 10 polic\u00edas en 2 turnos.<\/p>\n\n\n\n<p>Anal\u00eda cont\u00f3 que est\u00e1n atravesando una situaci\u00f3n cr\u00edtica debido a la sequ\u00eda y la gran cantidad de pastizales, y que los isleros no est\u00e1n relacionados con la quema descontrolada en la zona. \u00abLo que ya se prendi\u00f3 fuego, se reaviva al no haber lluvia. No es intenci\u00f3n de la gente que vive en la isla\u00bb, dijo Esper\u00f3n.<\/p>\n\n\n\n<p>Se\u00f1al\u00f3 que hace tiempo cualquier persona ronda las islas y nadie toma medidas para brindar mayor seguridad. Adem\u00e1s, remarc\u00f3: \u00abSi nos prenden fuego el campo, qu\u00e9 comen los animales\u00bb.<\/p>\n\n\n\n<p>Anal\u00eda tambi\u00e9n pidi\u00f3 \u00abempat\u00eda de los ambientalistas con los habitantes de las islas\u00bb y que \u00abse acerquen con un plato de comida\u00bb.<\/p>\n\n\n\n<p>Fuente: Diario El Informante<\/p>\n\n\n\n<figure class=\"wp-block-image size-large\"><img decoding=\"async\" width=\"1024\" height=\"682\" data-attachment-id=\"79880\" data-permalink=\"https:\/\/eldiariodesanpedro.com.ar\/sitio\/islas-piden-empatia-de-ambientalistas-y-mas-seguridad\/whatsapp-image-2020-08-24-at-18-41-31-1\/\" data-orig-file=\"https:\/\/eldiariodesanpedro.com.ar\/sitio\/wp-content\/uploads\/2020\/08\/WhatsApp-Image-2020-08-24-at-18.41.31-1.jpeg\" data-orig-size=\"1280,853\" data-comments-opened=\"1\" data-image-meta=\"{&quot;aperture&quot;:&quot;0&quot;,&quot;credit&quot;:&quot;&quot;,&quot;camera&quot;:&quot;&quot;,&quot;caption&quot;:&quot;&quot;,&quot;created_timestamp&quot;:&quot;0&quot;,&quot;copyright&quot;:&quot;&quot;,&quot;focal_length&quot;:&quot;0&quot;,&quot;iso&quot;:&quot;0&quot;,&quot;shutter_speed&quot;:&quot;0&quot;,&quot;title&quot;:&quot;&quot;,&quot;orientation&quot;:&quot;0&quot;}\" data-image-title=\"WhatsApp Image 2020-08-24 at 18.41.31 (1)\" data-image-description=\"\" data-image-caption=\"\" data-large-file=\"https:\/\/eldiariodesanpedro.com.ar\/sitio\/wp-content\/uploads\/2020\/08\/WhatsApp-Image-2020-08-24-at-18.41.31-1-1024x682.jpeg\" data-src=\"https:\/\/eldiariodesanpedro.com.ar\/sitio\/wp-content\/uploads\/2020\/08\/WhatsApp-Image-2020-08-24-at-18.41.31-1-1024x682.jpeg\" alt=\"\" class=\"wp-image-79880 lazyload\" data-srcset=\"https:\/\/eldiariodesanpedro.com.ar\/sitio\/wp-content\/uploads\/2020\/08\/WhatsApp-Image-2020-08-24-at-18.41.31-1-1024x682.jpeg 1024w, https:\/\/eldiariodesanpedro.com.ar\/sitio\/wp-content\/uploads\/2020\/08\/WhatsApp-Image-2020-08-24-at-18.41.31-1-300x200.jpeg 300w, https:\/\/eldiariodesanpedro.com.ar\/sitio\/wp-content\/uploads\/2020\/08\/WhatsApp-Image-2020-08-24-at-18.41.31-1-768x512.jpeg 768w, https:\/\/eldiariodesanpedro.com.ar\/sitio\/wp-content\/uploads\/2020\/08\/WhatsApp-Image-2020-08-24-at-18.41.31-1.jpeg 1280w\" data-sizes=\"(max-width: 1024px) 100vw, 1024px\" src=\"data:image\/svg+xml;base64,PHN2ZyB3aWR0aD0iMSIgaGVpZ2h0PSIxIiB4bWxucz0iaHR0cDovL3d3dy53My5vcmcvMjAwMC9zdmciPjwvc3ZnPg==\" style=\"--smush-placeholder-width: 1024px; --smush-placeholder-aspect-ratio: 1024\/682;\" \/><\/figure>\n","protected":false},"excerpt":{"rendered":"<p>Anal\u00eda Esper\u00f3n, nicole\u00f1a y productora ganadera, asentada actualmente en las islas Lechiguanas, Entre R\u00edos habl\u00f3 sobre los incendios que hay en esa zona y que afecta a toda la regi\u00f3n, se\u00f1alando la necesidad imperante de mayor seguridad y control, dado que Prefectura no da a basto, habiendo 10 polic\u00edas en 2 turnos. Anal\u00eda cont\u00f3 que [&hellip;]<\/p>\n","protected":false},"author":4,"featured_media":79881,"comment_status":"open","ping_status":"closed","sticky":false,"template":"","format":"standard","meta":{"om_disable_all_campaigns":false,"_jetpack_memberships_contains_paid_content":false,"footnotes":""},"categories":[101,2],"tags":[197,696,33],"class_list":["post-79879","post","type-post","status-publish","format-standard","has-post-thumbnail","hentry","category-interes-general-locales","category-locales","tag-buenos-aires","tag-interes-general","tag-locales"],"aioseo_notices":[],"gutentor_comment":0,"jetpack_featured_media_url":"https:\/\/eldiariodesanpedro.com.ar\/sitio\/wp-content\/uploads\/2020\/08\/WhatsApp-Image-2020-08-24-at-18.41.31.jpeg","jetpack_shortlink":"https:\/\/wp.me\/p6RhLt-kMn","jetpack_sharing_enabled":true,"_links":{"self":[{"href":"https:\/\/eldiariodesanpedro.com.ar\/sitio\/wp-json\/wp\/v2\/posts\/79879","targetHints":{"allow":["GET"]}}],"collection":[{"href":"https:\/\/eldiariodesanpedro.com.ar\/sitio\/wp-json\/wp\/v2\/posts"}],"about":[{"href":"https:\/\/eldiariodesanpedro.com.ar\/sitio\/wp-json\/wp\/v2\/types\/post"}],"author":[{"embeddable":true,"href":"https:\/\/eldiariodesanpedro.com.ar\/sitio\/wp-json\/wp\/v2\/users\/4"}],"replies":[{"embeddable":true,"href":"https:\/\/eldiariodesanpedro.com.ar\/sitio\/wp-json\/wp\/v2\/comments?post=79879"}],"version-history":[{"count":1,"href":"https:\/\/eldiariodesanpedro.com.ar\/sitio\/wp-json\/wp\/v2\/posts\/79879\/revisions"}],"predecessor-version":[{"id":79882,"href":"https:\/\/eldiariodesanpedro.com.ar\/sitio\/wp-json\/wp\/v2\/posts\/79879\/revisions\/79882"}],"wp:featuredmedia":[{"embeddable":true,"href":"https:\/\/eldiariodesanpedro.com.ar\/sitio\/wp-json\/wp\/v2\/media\/79881"}],"wp:attachment":[{"href":"https:\/\/eldiariodesanpedro.com.ar\/sitio\/wp-json\/wp\/v2\/media?parent=79879"}],"wp:term":[{"taxonomy":"category","embeddable":true,"href":"https:\/\/eldiariodesanpedro.com.ar\/sitio\/wp-json\/wp\/v2\/categories?post=79879"},{"taxonomy":"post_tag","embeddable":true,"href":"https:\/\/eldiariodesanpedro.com.ar\/sitio\/wp-json\/wp\/v2\/tags?post=79879"}],"curies":[{"name":"wp","href":"https:\/\/api.w.org\/{rel}","templated":true}]}}