{"id":79876,"date":"2020-08-24T18:34:04","date_gmt":"2020-08-24T21:34:04","guid":{"rendered":"https:\/\/eldiariodesanpedro.com.ar\/sitio\/?p=79876"},"modified":"2020-08-24T18:34:08","modified_gmt":"2020-08-24T21:34:08","slug":"villa-constitucion-ciudadanos-protestaron-sobre-la-ruta-9-contra-los-incendios-en-islas","status":"publish","type":"post","link":"https:\/\/eldiariodesanpedro.com.ar\/sitio\/villa-constitucion-ciudadanos-protestaron-sobre-la-ruta-9-contra-los-incendios-en-islas\/","title":{"rendered":"VILLA CONSTITUCI\u00d3N | Ciudadanos protestaron sobre la ruta 9 contra los incendios en islas"},"content":{"rendered":"<!-- VideographyWP Plugin Message: Automatic video embedding prevented by plugin options. -->\n\n<p>Vecinos de la localidad de Villa Constituci\u00f3n se manifestaron en contra de los incendios ocurridos en las islas.<\/p>\n\n\n\n<p>La convocatoria fue realizada por la organizaci\u00f3n \u00abSalvemos los Humedales\u00bb, con el fin de reclamar el fin del \u00abecocidio perpetrado en las islas del Delta del Paran\u00e1\u00bb.<\/p>\n\n\n\n<p>La manifestaci\u00f3n comenz\u00f3 a las 15:00 del domingo en la banquina de la autopista sobre el acceso a Villa Constituci\u00f3n con carteles junto a organizaciones y vecinos.<\/p>\n\n\n\n<p>\u00abCreemos que la uni\u00f3n de todos los vecinos, asambleas ambientalistas, instituciones y organizaciones sociales en general es el camino para frenar este delito de lesa ambientalidad que atenta contra el ecosistema, nuestra salud y el estado alarmante de la naturaleza del \u00fanico planeta que tenemos\u00bb, afirmaron.<\/p>\n\n\n\n<p>Fuente: <a href=\"http:\/\/www.diarioelinformante.com.ar\/nota-58713_villa-constitucin-protest-contra-los-incendios-en-islas\">Diario El Informante<\/a><\/p>\n","protected":false},"excerpt":{"rendered":"<p>Vecinos de la localidad de Villa Constituci\u00f3n se manifestaron en contra de los incendios ocurridos en las islas. La convocatoria fue realizada por la organizaci\u00f3n \u00abSalvemos los Humedales\u00bb, con el fin de reclamar el fin del \u00abecocidio perpetrado en las islas del Delta del Paran\u00e1\u00bb. La manifestaci\u00f3n comenz\u00f3 a las 15:00 del domingo en la [&hellip;]<\/p>\n","protected":false},"author":4,"featured_media":79877,"comment_status":"open","ping_status":"closed","sticky":false,"template":"","format":"standard","meta":{"om_disable_all_campaigns":false,"_jetpack_memberships_contains_paid_content":false,"footnotes":""},"categories":[621],"tags":[681,794,1531],"class_list":["post-79876","post","type-post","status-publish","format-standard","has-post-thumbnail","hentry","category-regionales","tag-regionales","tag-ruta-9","tag-villa-constitucion"],"aioseo_notices":[],"gutentor_comment":0,"jetpack_featured_media_url":"https:\/\/eldiariodesanpedro.com.ar\/sitio\/wp-content\/uploads\/2020\/08\/no_uhqipb54i7c1l0tWhatsApp_Image_2020_08_24_at_11.12.09.jpeg","jetpack_shortlink":"https:\/\/wp.me\/p6RhLt-kMk","jetpack_sharing_enabled":true,"_links":{"self":[{"href":"https:\/\/eldiariodesanpedro.com.ar\/sitio\/wp-json\/wp\/v2\/posts\/79876","targetHints":{"allow":["GET"]}}],"collection":[{"href":"https:\/\/eldiariodesanpedro.com.ar\/sitio\/wp-json\/wp\/v2\/posts"}],"about":[{"href":"https:\/\/eldiariodesanpedro.com.ar\/sitio\/wp-json\/wp\/v2\/types\/post"}],"author":[{"embeddable":true,"href":"https:\/\/eldiariodesanpedro.com.ar\/sitio\/wp-json\/wp\/v2\/users\/4"}],"replies":[{"embeddable":true,"href":"https:\/\/eldiariodesanpedro.com.ar\/sitio\/wp-json\/wp\/v2\/comments?post=79876"}],"version-history":[{"count":1,"href":"https:\/\/eldiariodesanpedro.com.ar\/sitio\/wp-json\/wp\/v2\/posts\/79876\/revisions"}],"predecessor-version":[{"id":79878,"href":"https:\/\/eldiariodesanpedro.com.ar\/sitio\/wp-json\/wp\/v2\/posts\/79876\/revisions\/79878"}],"wp:featuredmedia":[{"embeddable":true,"href":"https:\/\/eldiariodesanpedro.com.ar\/sitio\/wp-json\/wp\/v2\/media\/79877"}],"wp:attachment":[{"href":"https:\/\/eldiariodesanpedro.com.ar\/sitio\/wp-json\/wp\/v2\/media?parent=79876"}],"wp:term":[{"taxonomy":"category","embeddable":true,"href":"https:\/\/eldiariodesanpedro.com.ar\/sitio\/wp-json\/wp\/v2\/categories?post=79876"},{"taxonomy":"post_tag","embeddable":true,"href":"https:\/\/eldiariodesanpedro.com.ar\/sitio\/wp-json\/wp\/v2\/tags?post=79876"}],"curies":[{"name":"wp","href":"https:\/\/api.w.org\/{rel}","templated":true}]}}