{"id":79874,"date":"2020-08-24T18:10:47","date_gmt":"2020-08-24T21:10:47","guid":{"rendered":"https:\/\/eldiariodesanpedro.com.ar\/sitio\/?p=79874"},"modified":"2020-08-24T18:10:51","modified_gmt":"2020-08-24T21:10:51","slug":"un-joven-de-28-anos-de-edad-nueva-victima-con-coronavirus","status":"publish","type":"post","link":"https:\/\/eldiariodesanpedro.com.ar\/sitio\/un-joven-de-28-anos-de-edad-nueva-victima-con-coronavirus\/","title":{"rendered":"Un joven de 28 a\u00f1os de edad nueva victima con coronavirus"},"content":{"rendered":"<!-- VideographyWP Plugin Message: Automatic video embedding prevented by plugin options. -->\n\n<p>La Secretar\u00eda de Salud de la Municipalidad de San Pedro comunica con hondo pesar el fallecimiento del Sr. Jos\u00e9 David Sacca, de 28 a\u00f1os. El paciente se encontraba internado en la Unidad de Terapia del Sanatorio Coopser desde el 18 de agosto con Covid-19, siendo contacto estrecho de otro caso positivo y un cuadro preexistente que presentaba diversos factores de riesgo.<\/p>\n\n\n\n<p>Expresamos, seguramente en nombre de toda la comunidad, las condolencias a familiares y amigos por esta triste noticia que eleva a 15 las p\u00e9rdidas relacionadas con la Pandemia de Covid-19 en el Partido de San Pedro.<\/p>\n","protected":false},"excerpt":{"rendered":"<p>La Secretar\u00eda de Salud de la Municipalidad de San Pedro comunica con hondo pesar el fallecimiento del Sr. Jos\u00e9 David Sacca, de 28 a\u00f1os. El paciente se encontraba internado en la Unidad de Terapia del Sanatorio Coopser desde el 18 de agosto con Covid-19, siendo contacto estrecho de otro caso positivo y un cuadro preexistente [&hellip;]<\/p>\n","protected":false},"author":4,"featured_media":77464,"comment_status":"open","ping_status":"closed","sticky":false,"template":"","format":"standard","meta":{"om_disable_all_campaigns":false,"_jetpack_memberships_contains_paid_content":false,"footnotes":""},"categories":[50,101,2],"tags":[197,696,33],"class_list":["post-79874","post","type-post","status-publish","format-standard","has-post-thumbnail","hentry","category-destacadas","category-interes-general-locales","category-locales","tag-buenos-aires","tag-interes-general","tag-locales"],"aioseo_notices":[],"gutentor_comment":0,"jetpack_featured_media_url":"https:\/\/eldiariodesanpedro.com.ar\/sitio\/wp-content\/uploads\/2020\/07\/5e87e1dede692.jpeg","jetpack_shortlink":"https:\/\/wp.me\/p6RhLt-kMi","jetpack_sharing_enabled":true,"_links":{"self":[{"href":"https:\/\/eldiariodesanpedro.com.ar\/sitio\/wp-json\/wp\/v2\/posts\/79874","targetHints":{"allow":["GET"]}}],"collection":[{"href":"https:\/\/eldiariodesanpedro.com.ar\/sitio\/wp-json\/wp\/v2\/posts"}],"about":[{"href":"https:\/\/eldiariodesanpedro.com.ar\/sitio\/wp-json\/wp\/v2\/types\/post"}],"author":[{"embeddable":true,"href":"https:\/\/eldiariodesanpedro.com.ar\/sitio\/wp-json\/wp\/v2\/users\/4"}],"replies":[{"embeddable":true,"href":"https:\/\/eldiariodesanpedro.com.ar\/sitio\/wp-json\/wp\/v2\/comments?post=79874"}],"version-history":[{"count":1,"href":"https:\/\/eldiariodesanpedro.com.ar\/sitio\/wp-json\/wp\/v2\/posts\/79874\/revisions"}],"predecessor-version":[{"id":79875,"href":"https:\/\/eldiariodesanpedro.com.ar\/sitio\/wp-json\/wp\/v2\/posts\/79874\/revisions\/79875"}],"wp:featuredmedia":[{"embeddable":true,"href":"https:\/\/eldiariodesanpedro.com.ar\/sitio\/wp-json\/wp\/v2\/media\/77464"}],"wp:attachment":[{"href":"https:\/\/eldiariodesanpedro.com.ar\/sitio\/wp-json\/wp\/v2\/media?parent=79874"}],"wp:term":[{"taxonomy":"category","embeddable":true,"href":"https:\/\/eldiariodesanpedro.com.ar\/sitio\/wp-json\/wp\/v2\/categories?post=79874"},{"taxonomy":"post_tag","embeddable":true,"href":"https:\/\/eldiariodesanpedro.com.ar\/sitio\/wp-json\/wp\/v2\/tags?post=79874"}],"curies":[{"name":"wp","href":"https:\/\/api.w.org\/{rel}","templated":true}]}}