{"id":79867,"date":"2020-08-24T11:53:41","date_gmt":"2020-08-24T14:53:41","guid":{"rendered":"https:\/\/eldiariodesanpedro.com.ar\/sitio\/?p=79867"},"modified":"2020-08-24T11:53:45","modified_gmt":"2020-08-24T14:53:45","slug":"la-playa-de-vuelta-de-obligado-no-es-gratuita-la-naturaleza-paga-un-costo-muy-alto","status":"publish","type":"post","link":"https:\/\/eldiariodesanpedro.com.ar\/sitio\/la-playa-de-vuelta-de-obligado-no-es-gratuita-la-naturaleza-paga-un-costo-muy-alto\/","title":{"rendered":"\u00abLa playa de Vuelta de Obligado no es gratuita, la naturaleza paga un costo muy alto\u00bb"},"content":{"rendered":"<!-- VideographyWP Plugin Message: Automatic video embedding prevented by plugin options. -->\n\n<p>\u00abLas obras que se est\u00e1n llevando a cabo en Vuelta de Obligado tienen un impacto negativo en el ambiente y su biodiversidad\u00bb informaron a trav\u00e9s de su cuenta de facebook los integrantes de <strong><a href=\"https:\/\/www.facebook.com\/concienciaecologica.ar\/?__cft__[0]=AZWRPDiL7cZBSsqZKtqWG392UlGxA9wZyW3r9YJTCWW6AUa8_Tg_PIiX-WYD65OICW7C9paXhYr-bT7al5TshPl1gBvVtTNSTuZ20HbV1HDmxXq87WU1sj50qmQ-RAXQKtTUOqwmE6RfVQpBEOqR6cLblkujd5wxrKqWMQoi-frW3Q&amp;__tn__=kC%2CP-R\">Conciencia Ecol\u00f3gica<\/a><\/strong>\u00a0.<\/p>\n\n\n\n<p>\u00abPara sostener en el tiempo las cualidades de estos ambientes protegidos, es primordial tener objetivos coherentes con los ecosistemas a resguardar, brindar entre toda la ciudadan\u00eda protecci\u00f3n activa a las valiosas muestras de bosques aut\u00f3ctonos y a la biodiversidad que ellos albergan\u00bb.<\/p>\n\n\n\n<p>Por lo que se realizo una presentaci\u00f3n al HCD por un pedido de informe sobre los trabajos que se realizan para la nueva playa en esa zona.<\/p>\n\n\n\n<figure class=\"wp-block-image size-large\"><img decoding=\"async\" width=\"1080\" height=\"1080\" data-attachment-id=\"79868\" data-permalink=\"https:\/\/eldiariodesanpedro.com.ar\/sitio\/la-playa-de-vuelta-de-obligado-no-es-gratuita-la-naturaleza-paga-un-costo-muy-alto\/118204009_1442727242584538_4116622502178508869_o\/\" data-orig-file=\"https:\/\/eldiariodesanpedro.com.ar\/sitio\/wp-content\/uploads\/2020\/08\/118204009_1442727242584538_4116622502178508869_o.jpg\" data-orig-size=\"1080,1080\" data-comments-opened=\"1\" data-image-meta=\"{&quot;aperture&quot;:&quot;0&quot;,&quot;credit&quot;:&quot;&quot;,&quot;camera&quot;:&quot;&quot;,&quot;caption&quot;:&quot;&quot;,&quot;created_timestamp&quot;:&quot;0&quot;,&quot;copyright&quot;:&quot;&quot;,&quot;focal_length&quot;:&quot;0&quot;,&quot;iso&quot;:&quot;0&quot;,&quot;shutter_speed&quot;:&quot;0&quot;,&quot;title&quot;:&quot;&quot;,&quot;orientation&quot;:&quot;0&quot;}\" data-image-title=\"118204009_1442727242584538_4116622502178508869_o\" data-image-description=\"\" data-image-caption=\"\" data-large-file=\"https:\/\/eldiariodesanpedro.com.ar\/sitio\/wp-content\/uploads\/2020\/08\/118204009_1442727242584538_4116622502178508869_o-1024x1024.jpg\" data-src=\"https:\/\/i1.wp.com\/eldiariodesanpedro.com.ar\/sitio\/wp-content\/uploads\/2020\/08\/118204009_1442727242584538_4116622502178508869_o.jpg?fit=640%2C640&amp;ssl=1\" alt=\"\" class=\"wp-image-79868 lazyload\" data-srcset=\"https:\/\/eldiariodesanpedro.com.ar\/sitio\/wp-content\/uploads\/2020\/08\/118204009_1442727242584538_4116622502178508869_o.jpg 1080w, https:\/\/eldiariodesanpedro.com.ar\/sitio\/wp-content\/uploads\/2020\/08\/118204009_1442727242584538_4116622502178508869_o-300x300.jpg 300w, https:\/\/eldiariodesanpedro.com.ar\/sitio\/wp-content\/uploads\/2020\/08\/118204009_1442727242584538_4116622502178508869_o-1024x1024.jpg 1024w, https:\/\/eldiariodesanpedro.com.ar\/sitio\/wp-content\/uploads\/2020\/08\/118204009_1442727242584538_4116622502178508869_o-150x150.jpg 150w, https:\/\/eldiariodesanpedro.com.ar\/sitio\/wp-content\/uploads\/2020\/08\/118204009_1442727242584538_4116622502178508869_o-768x768.jpg 768w\" data-sizes=\"(max-width: 1080px) 100vw, 1080px\" src=\"data:image\/svg+xml;base64,PHN2ZyB3aWR0aD0iMSIgaGVpZ2h0PSIxIiB4bWxucz0iaHR0cDovL3d3dy53My5vcmcvMjAwMC9zdmciPjwvc3ZnPg==\" style=\"--smush-placeholder-width: 1080px; --smush-placeholder-aspect-ratio: 1080\/1080;\" \/><\/figure>\n\n\n\n<figure class=\"wp-block-image size-large\"><img decoding=\"async\" width=\"1080\" height=\"1080\" data-attachment-id=\"79869\" data-permalink=\"https:\/\/eldiariodesanpedro.com.ar\/sitio\/la-playa-de-vuelta-de-obligado-no-es-gratuita-la-naturaleza-paga-un-costo-muy-alto\/118472088_1442727285917867_5988964969961958305_o\/\" data-orig-file=\"https:\/\/eldiariodesanpedro.com.ar\/sitio\/wp-content\/uploads\/2020\/08\/118472088_1442727285917867_5988964969961958305_o.jpg\" data-orig-size=\"1080,1080\" data-comments-opened=\"1\" data-image-meta=\"{&quot;aperture&quot;:&quot;0&quot;,&quot;credit&quot;:&quot;&quot;,&quot;camera&quot;:&quot;&quot;,&quot;caption&quot;:&quot;&quot;,&quot;created_timestamp&quot;:&quot;0&quot;,&quot;copyright&quot;:&quot;&quot;,&quot;focal_length&quot;:&quot;0&quot;,&quot;iso&quot;:&quot;0&quot;,&quot;shutter_speed&quot;:&quot;0&quot;,&quot;title&quot;:&quot;&quot;,&quot;orientation&quot;:&quot;0&quot;}\" data-image-title=\"118472088_1442727285917867_5988964969961958305_o\" data-image-description=\"\" data-image-caption=\"\" data-large-file=\"https:\/\/eldiariodesanpedro.com.ar\/sitio\/wp-content\/uploads\/2020\/08\/118472088_1442727285917867_5988964969961958305_o-1024x1024.jpg\" data-src=\"https:\/\/i0.wp.com\/eldiariodesanpedro.com.ar\/sitio\/wp-content\/uploads\/2020\/08\/118472088_1442727285917867_5988964969961958305_o.jpg?fit=640%2C640&amp;ssl=1\" alt=\"\" class=\"wp-image-79869 lazyload\" data-srcset=\"https:\/\/eldiariodesanpedro.com.ar\/sitio\/wp-content\/uploads\/2020\/08\/118472088_1442727285917867_5988964969961958305_o.jpg 1080w, https:\/\/eldiariodesanpedro.com.ar\/sitio\/wp-content\/uploads\/2020\/08\/118472088_1442727285917867_5988964969961958305_o-300x300.jpg 300w, https:\/\/eldiariodesanpedro.com.ar\/sitio\/wp-content\/uploads\/2020\/08\/118472088_1442727285917867_5988964969961958305_o-1024x1024.jpg 1024w, https:\/\/eldiariodesanpedro.com.ar\/sitio\/wp-content\/uploads\/2020\/08\/118472088_1442727285917867_5988964969961958305_o-150x150.jpg 150w, https:\/\/eldiariodesanpedro.com.ar\/sitio\/wp-content\/uploads\/2020\/08\/118472088_1442727285917867_5988964969961958305_o-768x768.jpg 768w\" data-sizes=\"(max-width: 1080px) 100vw, 1080px\" src=\"data:image\/svg+xml;base64,PHN2ZyB3aWR0aD0iMSIgaGVpZ2h0PSIxIiB4bWxucz0iaHR0cDovL3d3dy53My5vcmcvMjAwMC9zdmciPjwvc3ZnPg==\" style=\"--smush-placeholder-width: 1080px; --smush-placeholder-aspect-ratio: 1080\/1080;\" \/><\/figure>\n\n\n\n<figure class=\"wp-block-image size-large\"><img decoding=\"async\" width=\"1243\" height=\"2048\" data-attachment-id=\"79870\" data-permalink=\"https:\/\/eldiariodesanpedro.com.ar\/sitio\/la-playa-de-vuelta-de-obligado-no-es-gratuita-la-naturaleza-paga-un-costo-muy-alto\/118352416_1442727382584524_1080034979907086675_o\/\" data-orig-file=\"https:\/\/eldiariodesanpedro.com.ar\/sitio\/wp-content\/uploads\/2020\/08\/118352416_1442727382584524_1080034979907086675_o.jpg\" data-orig-size=\"1243,2048\" data-comments-opened=\"1\" data-image-meta=\"{&quot;aperture&quot;:&quot;0&quot;,&quot;credit&quot;:&quot;&quot;,&quot;camera&quot;:&quot;&quot;,&quot;caption&quot;:&quot;&quot;,&quot;created_timestamp&quot;:&quot;0&quot;,&quot;copyright&quot;:&quot;&quot;,&quot;focal_length&quot;:&quot;0&quot;,&quot;iso&quot;:&quot;0&quot;,&quot;shutter_speed&quot;:&quot;0&quot;,&quot;title&quot;:&quot;&quot;,&quot;orientation&quot;:&quot;0&quot;}\" data-image-title=\"118352416_1442727382584524_1080034979907086675_o\" data-image-description=\"\" data-image-caption=\"\" data-large-file=\"https:\/\/eldiariodesanpedro.com.ar\/sitio\/wp-content\/uploads\/2020\/08\/118352416_1442727382584524_1080034979907086675_o-622x1024.jpg\" data-src=\"https:\/\/i2.wp.com\/eldiariodesanpedro.com.ar\/sitio\/wp-content\/uploads\/2020\/08\/118352416_1442727382584524_1080034979907086675_o.jpg?fit=622%2C1024&amp;ssl=1\" alt=\"\" class=\"wp-image-79870 lazyload\" data-srcset=\"https:\/\/eldiariodesanpedro.com.ar\/sitio\/wp-content\/uploads\/2020\/08\/118352416_1442727382584524_1080034979907086675_o.jpg 1243w, https:\/\/eldiariodesanpedro.com.ar\/sitio\/wp-content\/uploads\/2020\/08\/118352416_1442727382584524_1080034979907086675_o-182x300.jpg 182w, https:\/\/eldiariodesanpedro.com.ar\/sitio\/wp-content\/uploads\/2020\/08\/118352416_1442727382584524_1080034979907086675_o-622x1024.jpg 622w, https:\/\/eldiariodesanpedro.com.ar\/sitio\/wp-content\/uploads\/2020\/08\/118352416_1442727382584524_1080034979907086675_o-768x1265.jpg 768w, https:\/\/eldiariodesanpedro.com.ar\/sitio\/wp-content\/uploads\/2020\/08\/118352416_1442727382584524_1080034979907086675_o-932x1536.jpg 932w\" data-sizes=\"(max-width: 1243px) 100vw, 1243px\" src=\"data:image\/svg+xml;base64,PHN2ZyB3aWR0aD0iMSIgaGVpZ2h0PSIxIiB4bWxucz0iaHR0cDovL3d3dy53My5vcmcvMjAwMC9zdmciPjwvc3ZnPg==\" style=\"--smush-placeholder-width: 1243px; --smush-placeholder-aspect-ratio: 1243\/2048;\" \/><\/figure>\n\n\n\n<figure class=\"wp-block-image size-large\"><img decoding=\"async\" width=\"1243\" height=\"2048\" data-attachment-id=\"79871\" data-permalink=\"https:\/\/eldiariodesanpedro.com.ar\/sitio\/la-playa-de-vuelta-de-obligado-no-es-gratuita-la-naturaleza-paga-un-costo-muy-alto\/118251033_1442727592584503_649826367438388347_o\/\" data-orig-file=\"https:\/\/eldiariodesanpedro.com.ar\/sitio\/wp-content\/uploads\/2020\/08\/118251033_1442727592584503_649826367438388347_o.jpg\" data-orig-size=\"1243,2048\" data-comments-opened=\"1\" data-image-meta=\"{&quot;aperture&quot;:&quot;0&quot;,&quot;credit&quot;:&quot;&quot;,&quot;camera&quot;:&quot;&quot;,&quot;caption&quot;:&quot;&quot;,&quot;created_timestamp&quot;:&quot;0&quot;,&quot;copyright&quot;:&quot;&quot;,&quot;focal_length&quot;:&quot;0&quot;,&quot;iso&quot;:&quot;0&quot;,&quot;shutter_speed&quot;:&quot;0&quot;,&quot;title&quot;:&quot;&quot;,&quot;orientation&quot;:&quot;0&quot;}\" data-image-title=\"118251033_1442727592584503_649826367438388347_o\" data-image-description=\"\" data-image-caption=\"\" data-large-file=\"https:\/\/eldiariodesanpedro.com.ar\/sitio\/wp-content\/uploads\/2020\/08\/118251033_1442727592584503_649826367438388347_o-622x1024.jpg\" data-src=\"https:\/\/i0.wp.com\/eldiariodesanpedro.com.ar\/sitio\/wp-content\/uploads\/2020\/08\/118251033_1442727592584503_649826367438388347_o.jpg?fit=622%2C1024&amp;ssl=1\" alt=\"\" class=\"wp-image-79871 lazyload\" data-srcset=\"https:\/\/eldiariodesanpedro.com.ar\/sitio\/wp-content\/uploads\/2020\/08\/118251033_1442727592584503_649826367438388347_o.jpg 1243w, https:\/\/eldiariodesanpedro.com.ar\/sitio\/wp-content\/uploads\/2020\/08\/118251033_1442727592584503_649826367438388347_o-182x300.jpg 182w, https:\/\/eldiariodesanpedro.com.ar\/sitio\/wp-content\/uploads\/2020\/08\/118251033_1442727592584503_649826367438388347_o-622x1024.jpg 622w, https:\/\/eldiariodesanpedro.com.ar\/sitio\/wp-content\/uploads\/2020\/08\/118251033_1442727592584503_649826367438388347_o-768x1265.jpg 768w, https:\/\/eldiariodesanpedro.com.ar\/sitio\/wp-content\/uploads\/2020\/08\/118251033_1442727592584503_649826367438388347_o-932x1536.jpg 932w\" data-sizes=\"(max-width: 1243px) 100vw, 1243px\" src=\"data:image\/svg+xml;base64,PHN2ZyB3aWR0aD0iMSIgaGVpZ2h0PSIxIiB4bWxucz0iaHR0cDovL3d3dy53My5vcmcvMjAwMC9zdmciPjwvc3ZnPg==\" style=\"--smush-placeholder-width: 1243px; --smush-placeholder-aspect-ratio: 1243\/2048;\" \/><\/figure>\n\n\n\n<figure class=\"wp-block-image size-large\"><img decoding=\"async\" width=\"1080\" height=\"1080\" data-attachment-id=\"79872\" data-permalink=\"https:\/\/eldiariodesanpedro.com.ar\/sitio\/la-playa-de-vuelta-de-obligado-no-es-gratuita-la-naturaleza-paga-un-costo-muy-alto\/118403679_1441498876040708_4278661671821625930_o\/\" data-orig-file=\"https:\/\/eldiariodesanpedro.com.ar\/sitio\/wp-content\/uploads\/2020\/08\/118403679_1441498876040708_4278661671821625930_o.jpg\" data-orig-size=\"1080,1080\" data-comments-opened=\"1\" data-image-meta=\"{&quot;aperture&quot;:&quot;0&quot;,&quot;credit&quot;:&quot;&quot;,&quot;camera&quot;:&quot;&quot;,&quot;caption&quot;:&quot;&quot;,&quot;created_timestamp&quot;:&quot;0&quot;,&quot;copyright&quot;:&quot;&quot;,&quot;focal_length&quot;:&quot;0&quot;,&quot;iso&quot;:&quot;0&quot;,&quot;shutter_speed&quot;:&quot;0&quot;,&quot;title&quot;:&quot;&quot;,&quot;orientation&quot;:&quot;0&quot;}\" data-image-title=\"118403679_1441498876040708_4278661671821625930_o\" data-image-description=\"\" data-image-caption=\"\" data-large-file=\"https:\/\/eldiariodesanpedro.com.ar\/sitio\/wp-content\/uploads\/2020\/08\/118403679_1441498876040708_4278661671821625930_o-1024x1024.jpg\" data-src=\"https:\/\/i1.wp.com\/eldiariodesanpedro.com.ar\/sitio\/wp-content\/uploads\/2020\/08\/118403679_1441498876040708_4278661671821625930_o.jpg?fit=640%2C640&amp;ssl=1\" alt=\"\" class=\"wp-image-79872 lazyload\" data-srcset=\"https:\/\/eldiariodesanpedro.com.ar\/sitio\/wp-content\/uploads\/2020\/08\/118403679_1441498876040708_4278661671821625930_o.jpg 1080w, https:\/\/eldiariodesanpedro.com.ar\/sitio\/wp-content\/uploads\/2020\/08\/118403679_1441498876040708_4278661671821625930_o-300x300.jpg 300w, https:\/\/eldiariodesanpedro.com.ar\/sitio\/wp-content\/uploads\/2020\/08\/118403679_1441498876040708_4278661671821625930_o-1024x1024.jpg 1024w, https:\/\/eldiariodesanpedro.com.ar\/sitio\/wp-content\/uploads\/2020\/08\/118403679_1441498876040708_4278661671821625930_o-150x150.jpg 150w, https:\/\/eldiariodesanpedro.com.ar\/sitio\/wp-content\/uploads\/2020\/08\/118403679_1441498876040708_4278661671821625930_o-768x768.jpg 768w\" data-sizes=\"(max-width: 1080px) 100vw, 1080px\" src=\"data:image\/svg+xml;base64,PHN2ZyB3aWR0aD0iMSIgaGVpZ2h0PSIxIiB4bWxucz0iaHR0cDovL3d3dy53My5vcmcvMjAwMC9zdmciPjwvc3ZnPg==\" style=\"--smush-placeholder-width: 1080px; --smush-placeholder-aspect-ratio: 1080\/1080;\" \/><\/figure>\n","protected":false},"excerpt":{"rendered":"<p>\u00abLas obras que se est\u00e1n llevando a cabo en Vuelta de Obligado tienen un impacto negativo en el ambiente y su biodiversidad\u00bb informaron a trav\u00e9s de su cuenta de facebook los integrantes de Conciencia Ecol\u00f3gica\u00a0. \u00abPara sostener en el tiempo las cualidades de estos ambientes protegidos, es primordial tener objetivos coherentes con los ecosistemas a [&hellip;]<\/p>\n","protected":false},"author":4,"featured_media":79872,"comment_status":"open","ping_status":"closed","sticky":false,"template":"","format":"standard","meta":{"om_disable_all_campaigns":false,"_jetpack_memberships_contains_paid_content":false,"footnotes":""},"categories":[101,2],"tags":[197,696,33],"class_list":["post-79867","post","type-post","status-publish","format-standard","has-post-thumbnail","hentry","category-interes-general-locales","category-locales","tag-buenos-aires","tag-interes-general","tag-locales"],"aioseo_notices":[],"gutentor_comment":0,"jetpack_featured_media_url":"https:\/\/eldiariodesanpedro.com.ar\/sitio\/wp-content\/uploads\/2020\/08\/118403679_1441498876040708_4278661671821625930_o.jpg","jetpack_shortlink":"https:\/\/wp.me\/p6RhLt-kMb","jetpack_sharing_enabled":true,"_links":{"self":[{"href":"https:\/\/eldiariodesanpedro.com.ar\/sitio\/wp-json\/wp\/v2\/posts\/79867","targetHints":{"allow":["GET"]}}],"collection":[{"href":"https:\/\/eldiariodesanpedro.com.ar\/sitio\/wp-json\/wp\/v2\/posts"}],"about":[{"href":"https:\/\/eldiariodesanpedro.com.ar\/sitio\/wp-json\/wp\/v2\/types\/post"}],"author":[{"embeddable":true,"href":"https:\/\/eldiariodesanpedro.com.ar\/sitio\/wp-json\/wp\/v2\/users\/4"}],"replies":[{"embeddable":true,"href":"https:\/\/eldiariodesanpedro.com.ar\/sitio\/wp-json\/wp\/v2\/comments?post=79867"}],"version-history":[{"count":1,"href":"https:\/\/eldiariodesanpedro.com.ar\/sitio\/wp-json\/wp\/v2\/posts\/79867\/revisions"}],"predecessor-version":[{"id":79873,"href":"https:\/\/eldiariodesanpedro.com.ar\/sitio\/wp-json\/wp\/v2\/posts\/79867\/revisions\/79873"}],"wp:featuredmedia":[{"embeddable":true,"href":"https:\/\/eldiariodesanpedro.com.ar\/sitio\/wp-json\/wp\/v2\/media\/79872"}],"wp:attachment":[{"href":"https:\/\/eldiariodesanpedro.com.ar\/sitio\/wp-json\/wp\/v2\/media?parent=79867"}],"wp:term":[{"taxonomy":"category","embeddable":true,"href":"https:\/\/eldiariodesanpedro.com.ar\/sitio\/wp-json\/wp\/v2\/categories?post=79867"},{"taxonomy":"post_tag","embeddable":true,"href":"https:\/\/eldiariodesanpedro.com.ar\/sitio\/wp-json\/wp\/v2\/tags?post=79867"}],"curies":[{"name":"wp","href":"https:\/\/api.w.org\/{rel}","templated":true}]}}