{"id":79864,"date":"2020-08-24T11:46:13","date_gmt":"2020-08-24T14:46:13","guid":{"rendered":"https:\/\/eldiariodesanpedro.com.ar\/sitio\/?p=79864"},"modified":"2020-08-24T11:46:17","modified_gmt":"2020-08-24T14:46:17","slug":"rio-tala-ciudadanos-y-bomberos-rescataron-un-caballo-que-cayo-en-un-pozo-ciego","status":"publish","type":"post","link":"https:\/\/eldiariodesanpedro.com.ar\/sitio\/rio-tala-ciudadanos-y-bomberos-rescataron-un-caballo-que-cayo-en-un-pozo-ciego\/","title":{"rendered":"R\u00edo Tala: Ciudadanos y Bomberos rescataron un caballo que cay\u00f3 en un pozo ciego"},"content":{"rendered":"<!-- VideographyWP Plugin Message: Automatic video embedding prevented by plugin options. -->\n\n<p>Aconteci\u00f3 durante la ma\u00f1ana del s\u00e1bado en una casa en construcci\u00f3n. Entre los Bomberos y los vecinos lograron salvar al equino.<\/p>\n\n\n\n<p>Tras varios minutos de trabajo una dotaci\u00f3n del cuerpo de Bomberos Voluntarios m\u00e1s la colaboraci\u00f3n de un grupo de vecinos, lograron poner a salvo a un caballo que hab\u00eda ca\u00eddo al pozo ciego de una casa en construcci\u00f3n ubicada sobre la calle San Mart\u00edn 58 de R\u00edo Tala.<\/p>\n\n\n\n<p>El equino hab\u00eda quedado en una inc\u00f3moda posici\u00f3n que a la vez carec\u00eda del espacio necesario para que los rescatistas pudieran trabajar con comodidad. Se utiliz\u00f3 un tr\u00edpode y una polea para poder tirar y elevar al animal, pero el riesgo de la maniobra y para evitar que el animal terminara da\u00f1ado, un vecino del lugar se introdujo en el pozo para poder atarlo y as\u00ed rescatarlo sin que se lastime.<\/p>\n\n\n\n<p>Finalmente el caballo fue rescatado con \u00e9xito ante la algarab\u00eda generalizada de quienes se acercaron al lugar en donde se origin\u00f3 el siniestro y con mucha atenci\u00f3n siguieron el trabajo de los Bomberos.<\/p>\n\n\n\n<p>Fuente: <a href=\"https:\/\/www.sanpedroinforma.com.ar\/nota\/123605\/interes-general\/rio-tala-rescataron-un-caballo-que-cayo-en-un-pozo-ciego.html\">San Pedro Informa<\/a><\/p>\n","protected":false},"excerpt":{"rendered":"<p>Aconteci\u00f3 durante la ma\u00f1ana del s\u00e1bado en una casa en construcci\u00f3n. Entre los Bomberos y los vecinos lograron salvar al equino. Tras varios minutos de trabajo una dotaci\u00f3n del cuerpo de Bomberos Voluntarios m\u00e1s la colaboraci\u00f3n de un grupo de vecinos, lograron poner a salvo a un caballo que hab\u00eda ca\u00eddo al pozo ciego de [&hellip;]<\/p>\n","protected":false},"author":4,"featured_media":79865,"comment_status":"open","ping_status":"closed","sticky":false,"template":"","format":"standard","meta":{"om_disable_all_campaigns":false,"_jetpack_memberships_contains_paid_content":false,"footnotes":""},"categories":[101,2],"tags":[981,197,914,881,19],"class_list":["post-79864","post","type-post","status-publish","format-standard","has-post-thumbnail","hentry","category-interes-general-locales","category-locales","tag-bomberos-voluntarios","tag-buenos-aires","tag-equino","tag-rio-tala","tag-san-pedro"],"aioseo_notices":[],"gutentor_comment":0,"jetpack_featured_media_url":"https:\/\/eldiariodesanpedro.com.ar\/sitio\/wp-content\/uploads\/2020\/08\/000086538.jpg","jetpack_shortlink":"https:\/\/wp.me\/p6RhLt-kM8","jetpack_sharing_enabled":true,"_links":{"self":[{"href":"https:\/\/eldiariodesanpedro.com.ar\/sitio\/wp-json\/wp\/v2\/posts\/79864","targetHints":{"allow":["GET"]}}],"collection":[{"href":"https:\/\/eldiariodesanpedro.com.ar\/sitio\/wp-json\/wp\/v2\/posts"}],"about":[{"href":"https:\/\/eldiariodesanpedro.com.ar\/sitio\/wp-json\/wp\/v2\/types\/post"}],"author":[{"embeddable":true,"href":"https:\/\/eldiariodesanpedro.com.ar\/sitio\/wp-json\/wp\/v2\/users\/4"}],"replies":[{"embeddable":true,"href":"https:\/\/eldiariodesanpedro.com.ar\/sitio\/wp-json\/wp\/v2\/comments?post=79864"}],"version-history":[{"count":1,"href":"https:\/\/eldiariodesanpedro.com.ar\/sitio\/wp-json\/wp\/v2\/posts\/79864\/revisions"}],"predecessor-version":[{"id":79866,"href":"https:\/\/eldiariodesanpedro.com.ar\/sitio\/wp-json\/wp\/v2\/posts\/79864\/revisions\/79866"}],"wp:featuredmedia":[{"embeddable":true,"href":"https:\/\/eldiariodesanpedro.com.ar\/sitio\/wp-json\/wp\/v2\/media\/79865"}],"wp:attachment":[{"href":"https:\/\/eldiariodesanpedro.com.ar\/sitio\/wp-json\/wp\/v2\/media?parent=79864"}],"wp:term":[{"taxonomy":"category","embeddable":true,"href":"https:\/\/eldiariodesanpedro.com.ar\/sitio\/wp-json\/wp\/v2\/categories?post=79864"},{"taxonomy":"post_tag","embeddable":true,"href":"https:\/\/eldiariodesanpedro.com.ar\/sitio\/wp-json\/wp\/v2\/tags?post=79864"}],"curies":[{"name":"wp","href":"https:\/\/api.w.org\/{rel}","templated":true}]}}