{"id":79861,"date":"2020-08-24T11:16:34","date_gmt":"2020-08-24T14:16:34","guid":{"rendered":"https:\/\/eldiariodesanpedro.com.ar\/sitio\/?p=79861"},"modified":"2020-08-24T11:16:37","modified_gmt":"2020-08-24T14:16:37","slug":"menor-aprehendido-por-robar-una-bicicleta-de-un-patio","status":"publish","type":"post","link":"https:\/\/eldiariodesanpedro.com.ar\/sitio\/menor-aprehendido-por-robar-una-bicicleta-de-un-patio\/","title":{"rendered":"Menor aprehendido por robar una bicicleta de un patio"},"content":{"rendered":"<!-- VideographyWP Plugin Message: Automatic video embedding prevented by plugin options. -->\n\n<p>En horas de la madrugada de este lunes la polic\u00eda logr\u00f3 la aprehensi\u00f3n de un ciudadano que minutos antes hab\u00eda robado en una vivienda.<\/p>\n\n\n\n<p>En la intersecci\u00f3n de las calles Las Provincias y D\u00e1vila, los efectivos policiales de la comisar\u00eda local aprehenden en fuga a un joven menor de edad de 17 a\u00f1os, quien momentos antes sustrajo de patio de domicilio de Ansaloni al 1800, una bicicleta rodado 20 tipo mujer color rosa propiedad de femenina 55 a\u00f1os.<\/p>\n","protected":false},"excerpt":{"rendered":"<p>En horas de la madrugada de este lunes la polic\u00eda logr\u00f3 la aprehensi\u00f3n de un ciudadano que minutos antes hab\u00eda robado en una vivienda. En la intersecci\u00f3n de las calles Las Provincias y D\u00e1vila, los efectivos policiales de la comisar\u00eda local aprehenden en fuga a un joven menor de edad de 17 a\u00f1os, quien momentos [&hellip;]<\/p>\n","protected":false},"author":4,"featured_media":78843,"comment_status":"open","ping_status":"closed","sticky":false,"template":"","format":"standard","meta":{"om_disable_all_campaigns":false,"_jetpack_memberships_contains_paid_content":false,"footnotes":""},"categories":[2,103],"tags":[197,33,95],"class_list":["post-79861","post","type-post","status-publish","format-standard","has-post-thumbnail","hentry","category-locales","category-policiales-locales","tag-buenos-aires","tag-locales","tag-policiales"],"aioseo_notices":[],"gutentor_comment":0,"jetpack_featured_media_url":"https:\/\/eldiariodesanpedro.com.ar\/sitio\/wp-content\/uploads\/2020\/08\/0.jpg","jetpack_shortlink":"https:\/\/wp.me\/p6RhLt-kM5","jetpack_sharing_enabled":true,"_links":{"self":[{"href":"https:\/\/eldiariodesanpedro.com.ar\/sitio\/wp-json\/wp\/v2\/posts\/79861","targetHints":{"allow":["GET"]}}],"collection":[{"href":"https:\/\/eldiariodesanpedro.com.ar\/sitio\/wp-json\/wp\/v2\/posts"}],"about":[{"href":"https:\/\/eldiariodesanpedro.com.ar\/sitio\/wp-json\/wp\/v2\/types\/post"}],"author":[{"embeddable":true,"href":"https:\/\/eldiariodesanpedro.com.ar\/sitio\/wp-json\/wp\/v2\/users\/4"}],"replies":[{"embeddable":true,"href":"https:\/\/eldiariodesanpedro.com.ar\/sitio\/wp-json\/wp\/v2\/comments?post=79861"}],"version-history":[{"count":1,"href":"https:\/\/eldiariodesanpedro.com.ar\/sitio\/wp-json\/wp\/v2\/posts\/79861\/revisions"}],"predecessor-version":[{"id":79862,"href":"https:\/\/eldiariodesanpedro.com.ar\/sitio\/wp-json\/wp\/v2\/posts\/79861\/revisions\/79862"}],"wp:featuredmedia":[{"embeddable":true,"href":"https:\/\/eldiariodesanpedro.com.ar\/sitio\/wp-json\/wp\/v2\/media\/78843"}],"wp:attachment":[{"href":"https:\/\/eldiariodesanpedro.com.ar\/sitio\/wp-json\/wp\/v2\/media?parent=79861"}],"wp:term":[{"taxonomy":"category","embeddable":true,"href":"https:\/\/eldiariodesanpedro.com.ar\/sitio\/wp-json\/wp\/v2\/categories?post=79861"},{"taxonomy":"post_tag","embeddable":true,"href":"https:\/\/eldiariodesanpedro.com.ar\/sitio\/wp-json\/wp\/v2\/tags?post=79861"}],"curies":[{"name":"wp","href":"https:\/\/api.w.org\/{rel}","templated":true}]}}