{"id":79858,"date":"2020-08-24T11:10:29","date_gmt":"2020-08-24T14:10:29","guid":{"rendered":"https:\/\/eldiariodesanpedro.com.ar\/sitio\/?p=79858"},"modified":"2020-08-24T11:25:13","modified_gmt":"2020-08-24T14:25:13","slug":"intento-de-usurpacion-de-tierras-en-cercanias-al-cementerio","status":"publish","type":"post","link":"https:\/\/eldiariodesanpedro.com.ar\/sitio\/intento-de-usurpacion-de-tierras-en-cercanias-al-cementerio\/","title":{"rendered":"Intento de usurpaci\u00f3n de tierras en cercan\u00edas al cementerio"},"content":{"rendered":"<!-- VideographyWP Plugin Message: Automatic video embedding prevented by plugin options. -->\n\n<p>El pasado domingo la polic\u00eda de nuestra ciudad se hizo presente en un predio ubicado en cercan\u00edas del cementerio local donde varias familias trataron de usurpar un terreno privado.<\/p>\n\n\n\n<p>Por lo que tomado conocimiento en terrenos bald\u00edos ubicado en calle San Mart\u00edn y calle 74, varias personas limpiando, clavando postes y delimitando mediante hilos parcelas, personal se constituye lugar donde efectivamente se constata unas cincuenta personas, ambos sexos, mayores y menores de edad, realizando mencionadas tareas, certific\u00e1ndose qu\u00e9 mismos lo hac\u00edan con fines ocupacionales ilegalmente, ante la presencia policial deponen de su actitud retir\u00e1ndose r\u00e1pidamente del lugar, a excepci\u00f3n una familia a la cabeza de femenina de 29 a\u00f1os y sus cuatro hijos menores de edad, permaneciendo en dicho lugar reclamando soluciones habitacionales.&nbsp;<\/p>\n\n\n\n<p>Tras persuasi\u00f3n verbal depone su actitud retir\u00e1ndose los usurpantes, se identifican propietarios dos masculinos de 53 y 50 a\u00f1os, y femenina de 54 a\u00f1os, entregando terreno libre de ocupantes. Se deja consigna policial permanente hasta nueva orden.<\/p>\n\n\n\n<p>Seg\u00fan informo la flamante fiscala Dra. Mar\u00eda del Valle Viviani titular de la UFI 7, quien hoy remplaza al Dr. Marcelo Manso que se encuentra de licencia por covid, en el lugar se dejo apostado un m\u00f3vil policial para evitar que nuevamente familias intentan ocupar el lugar.<\/p>\n\n\n\n<p>Imagen Ilustrativa<\/p>\n","protected":false},"excerpt":{"rendered":"<p>El pasado domingo la polic\u00eda de nuestra ciudad se hizo presente en un predio ubicado en cercan\u00edas del cementerio local donde varias familias trataron de usurpar un terreno privado. Por lo que tomado conocimiento en terrenos bald\u00edos ubicado en calle San Mart\u00edn y calle 74, varias personas limpiando, clavando postes y delimitando mediante hilos parcelas, [&hellip;]<\/p>\n","protected":false},"author":4,"featured_media":79859,"comment_status":"open","ping_status":"closed","sticky":false,"template":"","format":"standard","meta":{"om_disable_all_campaigns":false,"_jetpack_memberships_contains_paid_content":false,"footnotes":""},"categories":[50,2,103],"tags":[197,33,95],"class_list":["post-79858","post","type-post","status-publish","format-standard","has-post-thumbnail","hentry","category-destacadas","category-locales","category-policiales-locales","tag-buenos-aires","tag-locales","tag-policiales"],"aioseo_notices":[],"gutentor_comment":0,"jetpack_featured_media_url":"https:\/\/eldiariodesanpedro.com.ar\/sitio\/wp-content\/uploads\/2020\/08\/1566883052221.jpg","jetpack_shortlink":"https:\/\/wp.me\/p6RhLt-kM2","jetpack_sharing_enabled":true,"_links":{"self":[{"href":"https:\/\/eldiariodesanpedro.com.ar\/sitio\/wp-json\/wp\/v2\/posts\/79858","targetHints":{"allow":["GET"]}}],"collection":[{"href":"https:\/\/eldiariodesanpedro.com.ar\/sitio\/wp-json\/wp\/v2\/posts"}],"about":[{"href":"https:\/\/eldiariodesanpedro.com.ar\/sitio\/wp-json\/wp\/v2\/types\/post"}],"author":[{"embeddable":true,"href":"https:\/\/eldiariodesanpedro.com.ar\/sitio\/wp-json\/wp\/v2\/users\/4"}],"replies":[{"embeddable":true,"href":"https:\/\/eldiariodesanpedro.com.ar\/sitio\/wp-json\/wp\/v2\/comments?post=79858"}],"version-history":[{"count":2,"href":"https:\/\/eldiariodesanpedro.com.ar\/sitio\/wp-json\/wp\/v2\/posts\/79858\/revisions"}],"predecessor-version":[{"id":79863,"href":"https:\/\/eldiariodesanpedro.com.ar\/sitio\/wp-json\/wp\/v2\/posts\/79858\/revisions\/79863"}],"wp:featuredmedia":[{"embeddable":true,"href":"https:\/\/eldiariodesanpedro.com.ar\/sitio\/wp-json\/wp\/v2\/media\/79859"}],"wp:attachment":[{"href":"https:\/\/eldiariodesanpedro.com.ar\/sitio\/wp-json\/wp\/v2\/media?parent=79858"}],"wp:term":[{"taxonomy":"category","embeddable":true,"href":"https:\/\/eldiariodesanpedro.com.ar\/sitio\/wp-json\/wp\/v2\/categories?post=79858"},{"taxonomy":"post_tag","embeddable":true,"href":"https:\/\/eldiariodesanpedro.com.ar\/sitio\/wp-json\/wp\/v2\/tags?post=79858"}],"curies":[{"name":"wp","href":"https:\/\/api.w.org\/{rel}","templated":true}]}}