{"id":79856,"date":"2020-08-24T10:55:47","date_gmt":"2020-08-24T13:55:47","guid":{"rendered":"https:\/\/eldiariodesanpedro.com.ar\/sitio\/?p=79856"},"modified":"2020-08-24T10:55:51","modified_gmt":"2020-08-24T13:55:51","slug":"durante-el-fin-de-semana-la-policia-realizo-varias-aprehensiones","status":"publish","type":"post","link":"https:\/\/eldiariodesanpedro.com.ar\/sitio\/durante-el-fin-de-semana-la-policia-realizo-varias-aprehensiones\/","title":{"rendered":"Durante el fin de semana la polic\u00eda realiz\u00f3 varias aprehensiones"},"content":{"rendered":"<!-- VideographyWP Plugin Message: Automatic video embedding prevented by plugin options. -->\n\n<p>El personal policial de nuestra ciudad durante el fin de semana pasado realiz\u00f3 varias aprehensiones de ciudadanos por diferentes motivos.<\/p>\n\n\n\n<p>El pasado viernes un m\u00f3vil policial se hizo presente en calle Lucio Mansilla y Hermano Indio, donde se aprehende a masculino 26 a\u00f1os, a quien se le secuestr\u00f3 en su poder machete.<\/p>\n\n\n\n<p>Este domingo en calle Molina al 400, identific\u00f3 a masculino mayor de edad a quien se le secuestr\u00f3 en su poder marihuana.&nbsp;<\/p>\n\n\n\n<p>Tambi\u00e9n en Ayacucho y Ansaloni, se detuvo a un ciudadano mayor de edad quien registra \u201cPedido de Captura Activa\u201d con fecha de 5 de marzo de 2020, por el delito de hurto calificado, solicitado por Juzgado Correccional N\u00b0 2.&nbsp;<\/p>\n\n\n\n<p>Por \u00faltimo en la intersecci\u00f3n de las calles Alvarado y Manuel Iglesias se aprehende a masculino mayor de edad y secuestro en su poder de arma blanca.&nbsp;<\/p>\n","protected":false},"excerpt":{"rendered":"<p>El personal policial de nuestra ciudad durante el fin de semana pasado realiz\u00f3 varias aprehensiones de ciudadanos por diferentes motivos. El pasado viernes un m\u00f3vil policial se hizo presente en calle Lucio Mansilla y Hermano Indio, donde se aprehende a masculino 26 a\u00f1os, a quien se le secuestr\u00f3 en su poder machete. Este domingo en [&hellip;]<\/p>\n","protected":false},"author":4,"featured_media":79218,"comment_status":"open","ping_status":"closed","sticky":false,"template":"","format":"standard","meta":{"om_disable_all_campaigns":false,"_jetpack_memberships_contains_paid_content":false,"footnotes":""},"categories":[2,103],"tags":[197,33,95,19],"class_list":["post-79856","post","type-post","status-publish","format-standard","has-post-thumbnail","hentry","category-locales","category-policiales-locales","tag-buenos-aires","tag-locales","tag-policiales","tag-san-pedro"],"aioseo_notices":[],"gutentor_comment":0,"jetpack_featured_media_url":"https:\/\/eldiariodesanpedro.com.ar\/sitio\/wp-content\/uploads\/2020\/08\/f800x450-108731_160177_3.jpg","jetpack_shortlink":"https:\/\/wp.me\/p6RhLt-kM0","jetpack_sharing_enabled":true,"_links":{"self":[{"href":"https:\/\/eldiariodesanpedro.com.ar\/sitio\/wp-json\/wp\/v2\/posts\/79856","targetHints":{"allow":["GET"]}}],"collection":[{"href":"https:\/\/eldiariodesanpedro.com.ar\/sitio\/wp-json\/wp\/v2\/posts"}],"about":[{"href":"https:\/\/eldiariodesanpedro.com.ar\/sitio\/wp-json\/wp\/v2\/types\/post"}],"author":[{"embeddable":true,"href":"https:\/\/eldiariodesanpedro.com.ar\/sitio\/wp-json\/wp\/v2\/users\/4"}],"replies":[{"embeddable":true,"href":"https:\/\/eldiariodesanpedro.com.ar\/sitio\/wp-json\/wp\/v2\/comments?post=79856"}],"version-history":[{"count":1,"href":"https:\/\/eldiariodesanpedro.com.ar\/sitio\/wp-json\/wp\/v2\/posts\/79856\/revisions"}],"predecessor-version":[{"id":79857,"href":"https:\/\/eldiariodesanpedro.com.ar\/sitio\/wp-json\/wp\/v2\/posts\/79856\/revisions\/79857"}],"wp:featuredmedia":[{"embeddable":true,"href":"https:\/\/eldiariodesanpedro.com.ar\/sitio\/wp-json\/wp\/v2\/media\/79218"}],"wp:attachment":[{"href":"https:\/\/eldiariodesanpedro.com.ar\/sitio\/wp-json\/wp\/v2\/media?parent=79856"}],"wp:term":[{"taxonomy":"category","embeddable":true,"href":"https:\/\/eldiariodesanpedro.com.ar\/sitio\/wp-json\/wp\/v2\/categories?post=79856"},{"taxonomy":"post_tag","embeddable":true,"href":"https:\/\/eldiariodesanpedro.com.ar\/sitio\/wp-json\/wp\/v2\/tags?post=79856"}],"curies":[{"name":"wp","href":"https:\/\/api.w.org\/{rel}","templated":true}]}}