{"id":79854,"date":"2020-08-24T10:31:17","date_gmt":"2020-08-24T13:31:17","guid":{"rendered":"https:\/\/eldiariodesanpedro.com.ar\/sitio\/?p=79854"},"modified":"2020-08-24T10:31:21","modified_gmt":"2020-08-24T13:31:21","slug":"san-pedro-continua-en-fase-4-segun-lo-oficializo-la-provincia","status":"publish","type":"post","link":"https:\/\/eldiariodesanpedro.com.ar\/sitio\/san-pedro-continua-en-fase-4-segun-lo-oficializo-la-provincia\/","title":{"rendered":"San Pedro continua en fase 4 seg\u00fan lo oficializ\u00f3 la provincia"},"content":{"rendered":"<!-- VideographyWP Plugin Message: Automatic video embedding prevented by plugin options. -->\n\n<p>El Gobierno bonaerense actualiz\u00f3 el sistema de fases para los 135 municipios de la Provincia. De esta manera, 43 distritos del interior se encuentran en el nivel 5 mientras que otros 53 se mantienen en la etapa 4. Los restantes 39 que forman parte del\u00a0\u00c1rea Metropolitana de Buenos Aires (AMBA)\u00a0contin\u00faan en el 3.<\/p>\n\n\n\n<p>El nuevo mapa se conoci\u00f3 a trav\u00e9s de la Resoluci\u00f3n 2094 firmada por el\u00a0jefe de Gabinete Carlos Bianco\u00a0y publicada en el Bolet\u00edn Oficial este lunes. Asimismo, se record\u00f3 que los municipios deber\u00e1n adherir a los protocolos correspondientes para contar con la aprobaci\u00f3n de actividades.<\/p>\n\n\n\n<p>En este marco,&nbsp;43 distritos del interior bonaerense se encuentran en&nbsp;fase 5&nbsp;y son aquellos que en las \u00faltimas dos semanas hayan tenido \u00abdiez o menos de diez nuevos casos de Covid-19 por semana, cada cien mil habitantes y no pertenezcan al AMBA\u00bb.<\/p>\n\n\n\n<p>Los mismos son: 9 de Julio, Adolfo Alsina, Adolfo Gonz\u00e1lez Chaves, Alberti, Benito Ju\u00e1rez, Carlos Casares, Carlos Tejedor, Carmen de Areco, Chacabuco, Dorrego, Coronel Su\u00e1rez, Daireaux, Florentino Ameghino, General Alvear, General Arenales, General Guido, General Lamadrid, General Lavalle, General Pinto, General Villegas, Guamin\u00ed, Leandro N. Alem, Lincoln, Lober\u00eda, Maip\u00fa, Monte Hermoso, Navarro, Necochea, Olavarr\u00eda, Pehuaj\u00f3, Pila, Puan, Rauch, Rivadavia, Rojas, Saavedra, Salliquel\u00f3, San Cayetano, Suipacha, Tapalqu\u00e9, Trenque Lauquen, Tres Arroyos y Tres Lomas.<\/p>\n\n\n\n<p>Por su parte,&nbsp;hay 53 las ciudades que est\u00e1n en&nbsp;fase 4&nbsp;y son las que en las \u00faltimas dos semanas hayan tenido \u00abm\u00e1s de diez nuevos casos de Covid-19 cada cien mil habitantes, en al menos alguna de las semanas y no formen parte del AMBA\u00bb.<\/p>\n\n\n\n<p>Se trata de: 25 de Mayo, Arrecifes, Ayacucho, Azul, Bah\u00eda Blanca, Balcarce, Baradero, Bol\u00edvar, Brandsen, Campana, Capit\u00e1n Sarmiento, Castelli, Chascom\u00fas, Chivilcoy, Col\u00f3n, Coronel Rosales, Dolores, Exaltaci\u00f3n de la Cruz, General Alvarado, General Belgrano, General Juan Madariaga, General Paz, General Pueyrredon, General Viamonte, Hip\u00f3lito Yrigoyen, Jun\u00edn, La Costa, Las Flores, Lezama, Lobos, Magdalena, Mar Chiquita, Mercedes, Monte, Carmen de Patagones, Pellegrini, Pergamino, Pinamar, Punta Indio, Ramallo, Roque P\u00e9rez, Saladillo, Salto, San Andr\u00e9s de Giles, San Antonio de Areco, San Nicol\u00e1s, San Pedro, Tandil, Tordillo, Tornquist, Villa Gesell, Villarino y Z\u00e1rate.<\/p>\n\n\n\n<p>Finalmente,&nbsp;hay 39 municipios en la&nbsp;fase 3&nbsp;por pertenecer al&nbsp;AMBA&nbsp;o porque se haya producido en ellos un brote o un aumento significativo y repentino de contagios, o un incremento en la velocidad de transmisi\u00f3n.<\/p>\n\n\n\n<p>El conglomerado est\u00e1 compuesto por: Almirante Brown, Avellaneda, Berazategui, Berisso, Bragado, Ca\u00f1uelas, Coronel Pringles, Ensenada, Escobar, Esteban Echeverr\u00eda, Ezeiza, Florencio Varela, General Las Heras, General Rodr\u00edguez, General San Mart\u00edn, Hurlingham, Ituzaing\u00f3, Jos\u00e9 C. Paz, La Matanza, Lan\u00fas, La Plata, Laprida, Lomas de Zamora, Luj\u00e1n, Marcos Paz, Malvinas Argentinas, Moreno, Merlo, Mor\u00f3n, Pilar, Presidente Per\u00f3n, Quilmes, San Fernando, San Isidro, San Miguel, San Vicente, Tigre, Tres de Febrero y Vicente L\u00f3pez.<\/p>\n\n\n\n<p>Fuente: Infobae<\/p>\n","protected":false},"excerpt":{"rendered":"<p>El Gobierno bonaerense actualiz\u00f3 el sistema de fases para los 135 municipios de la Provincia. De esta manera, 43 distritos del interior se encuentran en el nivel 5 mientras que otros 53 se mantienen en la etapa 4. Los restantes 39 que forman parte del\u00a0\u00c1rea Metropolitana de Buenos Aires (AMBA)\u00a0contin\u00faan en el 3. El nuevo [&hellip;]<\/p>\n","protected":false},"author":4,"featured_media":79306,"comment_status":"open","ping_status":"closed","sticky":false,"template":"","format":"standard","meta":{"om_disable_all_campaigns":false,"_jetpack_memberships_contains_paid_content":false,"footnotes":""},"categories":[50,101,2],"tags":[197,696,33],"class_list":["post-79854","post","type-post","status-publish","format-standard","has-post-thumbnail","hentry","category-destacadas","category-interes-general-locales","category-locales","tag-buenos-aires","tag-interes-general","tag-locales"],"aioseo_notices":[],"gutentor_comment":0,"jetpack_featured_media_url":"https:\/\/eldiariodesanpedro.com.ar\/sitio\/wp-content\/uploads\/2020\/08\/20200118-125534-largejpg.jpg","jetpack_shortlink":"https:\/\/wp.me\/p6RhLt-kLY","jetpack_sharing_enabled":true,"_links":{"self":[{"href":"https:\/\/eldiariodesanpedro.com.ar\/sitio\/wp-json\/wp\/v2\/posts\/79854","targetHints":{"allow":["GET"]}}],"collection":[{"href":"https:\/\/eldiariodesanpedro.com.ar\/sitio\/wp-json\/wp\/v2\/posts"}],"about":[{"href":"https:\/\/eldiariodesanpedro.com.ar\/sitio\/wp-json\/wp\/v2\/types\/post"}],"author":[{"embeddable":true,"href":"https:\/\/eldiariodesanpedro.com.ar\/sitio\/wp-json\/wp\/v2\/users\/4"}],"replies":[{"embeddable":true,"href":"https:\/\/eldiariodesanpedro.com.ar\/sitio\/wp-json\/wp\/v2\/comments?post=79854"}],"version-history":[{"count":1,"href":"https:\/\/eldiariodesanpedro.com.ar\/sitio\/wp-json\/wp\/v2\/posts\/79854\/revisions"}],"predecessor-version":[{"id":79855,"href":"https:\/\/eldiariodesanpedro.com.ar\/sitio\/wp-json\/wp\/v2\/posts\/79854\/revisions\/79855"}],"wp:featuredmedia":[{"embeddable":true,"href":"https:\/\/eldiariodesanpedro.com.ar\/sitio\/wp-json\/wp\/v2\/media\/79306"}],"wp:attachment":[{"href":"https:\/\/eldiariodesanpedro.com.ar\/sitio\/wp-json\/wp\/v2\/media?parent=79854"}],"wp:term":[{"taxonomy":"category","embeddable":true,"href":"https:\/\/eldiariodesanpedro.com.ar\/sitio\/wp-json\/wp\/v2\/categories?post=79854"},{"taxonomy":"post_tag","embeddable":true,"href":"https:\/\/eldiariodesanpedro.com.ar\/sitio\/wp-json\/wp\/v2\/tags?post=79854"}],"curies":[{"name":"wp","href":"https:\/\/api.w.org\/{rel}","templated":true}]}}