{"id":79852,"date":"2020-08-24T10:23:24","date_gmt":"2020-08-24T13:23:24","guid":{"rendered":"https:\/\/eldiariodesanpedro.com.ar\/sitio\/?p=79852"},"modified":"2020-08-24T10:23:29","modified_gmt":"2020-08-24T13:23:29","slug":"coronavirus-fin-de-semana-sin-resultados-y-se-dieron-varias-altas","status":"publish","type":"post","link":"https:\/\/eldiariodesanpedro.com.ar\/sitio\/coronavirus-fin-de-semana-sin-resultados-y-se-dieron-varias-altas\/","title":{"rendered":"Coronavirus: Fin de semana sin resultados y se dieron varias altas"},"content":{"rendered":"<!-- VideographyWP Plugin Message: Automatic video embedding prevented by plugin options. -->\n\n<p>Durante el fin de semana la Secretar\u00eda de Salud no recibi\u00f3 resultados de las muestras pendientes por parte del Instituto Maiztegui, Malbran o laboratorios privados, solamente se dieron de altas a varias personas que se encontraban cursando la enfermedad y adem\u00e1s afortunadamente no se enviaron nuevas muestras.<\/p>\n\n\n\n<p>Este s\u00e1bado y domingo no se recibieron resultados de las 83 muestras restantes, hisopados realizados d\u00edas y hasta semanas atr\u00e1s.<\/p>\n\n\n\n<p>Afortunadamente durante las dos jornadas se dieron de alta a 9 personas en quienes se encuentran, El d\u00eda s\u00e1bado a Mujeres de 22 (SADIV) y 44 a\u00f1os (sin nexo); y un hombre de 63 a\u00f1os (SADIV) y el domingo 4 mujeres de 32 y 43 (trabajadoras de SADIV), 36 y 44 a\u00f1os (trabajadoras de salud). 2 hombres de 1 y 39 a\u00f1os (sin nexo determinado).<\/p>\n\n\n\n<p>Se esperan en el d\u00eda de hoy que se reciban resultados de los hisopados restantes.<\/p>\n\n\n\n<p>Hasta el d\u00eda de hoy se registran 368 pasos en San Pedro, con un total de 73 activos, 281 recuperados y 14 personas fallecidas v\u00edctimas de la enfermedad.<\/p>\n","protected":false},"excerpt":{"rendered":"<p>Durante el fin de semana la Secretar\u00eda de Salud no recibi\u00f3 resultados de las muestras pendientes por parte del Instituto Maiztegui, Malbran o laboratorios privados, solamente se dieron de altas a varias personas que se encontraban cursando la enfermedad y adem\u00e1s afortunadamente no se enviaron nuevas muestras. Este s\u00e1bado y domingo no se recibieron resultados [&hellip;]<\/p>\n","protected":false},"author":4,"featured_media":79554,"comment_status":"open","ping_status":"closed","sticky":false,"template":"","format":"standard","meta":{"om_disable_all_campaigns":false,"_jetpack_memberships_contains_paid_content":false,"footnotes":""},"categories":[50,101,2],"tags":[197,808,696,33],"class_list":["post-79852","post","type-post","status-publish","format-standard","has-post-thumbnail","hentry","category-destacadas","category-interes-general-locales","category-locales","tag-buenos-aires","tag-coronavirus","tag-interes-general","tag-locales"],"aioseo_notices":[],"gutentor_comment":0,"jetpack_featured_media_url":"https:\/\/eldiariodesanpedro.com.ar\/sitio\/wp-content\/uploads\/2020\/08\/PLZ5780-1.jpeg","jetpack_shortlink":"https:\/\/wp.me\/p6RhLt-kLW","jetpack_sharing_enabled":true,"_links":{"self":[{"href":"https:\/\/eldiariodesanpedro.com.ar\/sitio\/wp-json\/wp\/v2\/posts\/79852","targetHints":{"allow":["GET"]}}],"collection":[{"href":"https:\/\/eldiariodesanpedro.com.ar\/sitio\/wp-json\/wp\/v2\/posts"}],"about":[{"href":"https:\/\/eldiariodesanpedro.com.ar\/sitio\/wp-json\/wp\/v2\/types\/post"}],"author":[{"embeddable":true,"href":"https:\/\/eldiariodesanpedro.com.ar\/sitio\/wp-json\/wp\/v2\/users\/4"}],"replies":[{"embeddable":true,"href":"https:\/\/eldiariodesanpedro.com.ar\/sitio\/wp-json\/wp\/v2\/comments?post=79852"}],"version-history":[{"count":1,"href":"https:\/\/eldiariodesanpedro.com.ar\/sitio\/wp-json\/wp\/v2\/posts\/79852\/revisions"}],"predecessor-version":[{"id":79853,"href":"https:\/\/eldiariodesanpedro.com.ar\/sitio\/wp-json\/wp\/v2\/posts\/79852\/revisions\/79853"}],"wp:featuredmedia":[{"embeddable":true,"href":"https:\/\/eldiariodesanpedro.com.ar\/sitio\/wp-json\/wp\/v2\/media\/79554"}],"wp:attachment":[{"href":"https:\/\/eldiariodesanpedro.com.ar\/sitio\/wp-json\/wp\/v2\/media?parent=79852"}],"wp:term":[{"taxonomy":"category","embeddable":true,"href":"https:\/\/eldiariodesanpedro.com.ar\/sitio\/wp-json\/wp\/v2\/categories?post=79852"},{"taxonomy":"post_tag","embeddable":true,"href":"https:\/\/eldiariodesanpedro.com.ar\/sitio\/wp-json\/wp\/v2\/tags?post=79852"}],"curies":[{"name":"wp","href":"https:\/\/api.w.org\/{rel}","templated":true}]}}