{"id":79849,"date":"2020-08-24T10:08:59","date_gmt":"2020-08-24T13:08:59","guid":{"rendered":"https:\/\/eldiariodesanpedro.com.ar\/sitio\/?p=79849"},"modified":"2020-08-24T10:09:03","modified_gmt":"2020-08-24T13:09:03","slug":"el-juzgado-de-paz-comienza-a-trabajar-desde-hoy","status":"publish","type":"post","link":"https:\/\/eldiariodesanpedro.com.ar\/sitio\/el-juzgado-de-paz-comienza-a-trabajar-desde-hoy\/","title":{"rendered":"El Juzgado de paz comienza a trabajar desde hoy"},"content":{"rendered":"<!-- VideographyWP Plugin Message: Automatic video embedding prevented by plugin options. -->\n\n<p>A partir del d\u00eda de hoy se el Juzgado de Paz informa que comenzara la atenci\u00f3n seg\u00fan fue habilitado en una resoluci\u00f3n de la Suprema Corte de Justicia Bonaerense.<\/p>\n\n\n\n<p>Segun pudimos dialogar con FAcundo Vellon Secreatraio de Juzgado de Paz de San pedro se habilito a aprtir de hoy la atencion presencial con las restricciones y cuidados que obliga la Pandemia. El Juzgado de Paz era uno de los \u00faltimos de la provincia, alejada del AMBA, con actividad restringida.<\/p>\n\n\n\n<p>Se deber\u00e1n solicitar turnos para la atenci\u00f3n de la pagina web <a href=\"https:\/\/stj.scba.gov.ar\/\">https:\/\/stj.scba.gov.ar\/<\/a><\/p>\n\n\n\n<p><em>JUZGADO DE PAZ LETRADO DE SAN PEDRO INFORMA\u00a0<br>El Juzgado de Paz Letrado de San Pedro informa al p\u00fablico en general, instituciones vinculadas y al foro local de abogados que por Resoluci\u00f3n 838\/20 de la SCBA se ha dispuesto que en los t\u00e9rminos de la Resoluci\u00f3n SPL 583\/20 se continue atendiendo el servicio de justicia CON APERTURA AL P\u00daBLICO EL D\u00cdA 24 DE AGOSTO DE 2020 EN LOS T\u00c9RMINOS QUE ABAJO SE EXPLICAN.\u00a0<br>Esta habilitaci\u00f3n implica que SE \u00a0RETOMA LA ATENCI\u00d3N PRESENCIAL pero observando el cumplimiento estricto del Sistema de Tunos Judiciales instaurado por la Corte mediante la obtenci\u00f3n de turnos v\u00eda WEB en el sitio <a href=\"https:\/\/stj.scba.gov.ar\/\">https:\/\/stj.scba.gov.ar\/<\/a> \u00a0que le permitir\u00e1 a todos autogestionar su turno para concurrir y efectuar tr\u00e1mites presenciales en organismos judiciales de la Administraci\u00f3n de Justicia de la Provincia de Buenos Aires.\u00a0<br>Adem\u00e1s deber\u00e1 darse ESTRICTO CUMPLIMIENTO AL PROTOCOLO GENERAL DE ACTUACI\u00d3N PARA LA PREVENCI\u00d3N Y SEGUIMIENTO DEL COVID 19 EN EL \u00c1MBITO DE LA JURISDICCI\u00d3N ADMINISTRACI\u00d3N DE JUSTICIA (dispuesto por Resoluci\u00f3n SPL N\u00ba 05\/20 de las Secretar\u00edas de Personal y Planificaci\u00f3n de la Suprema Corte de Justicia)\u00a0<br>As\u00ed, existir\u00e1n 12 turnos disponibles por d\u00eda de media hora cada uno desde las 08:00 hasta las 14:00 donde qui\u00e9n haya obtenido el turno ser\u00e1 atendido. S\u00f3lo se admitir\u00e1 una persona por vez.\u00a0<br>Se aclara que fuera de los turnos obtenidos no habr\u00e1 de atenderse en forma presencial, y que a cualquier evento se atender\u00e1n telef\u00f3nicamente las consultas al 03329-425424 y v\u00eda mail al <a href=\"mailto:jpspedro@jusbuenosaires.gov.ar\">jpspedro@jusbuenosaires.gov.ar<\/a>.\u00a0<br>Respecto de abogados y otros operadores judiciales continuar\u00e1n vigentes las v\u00edas de consulta remota a organismos (<a href=\"https:\/\/mev.scba.gov.ar\/ConsultasXMailAJuzgados.asp\">https:\/\/mev.scba.gov.ar\/ConsultasXMailAJuzgados.asp<\/a>) instauradas por la Resoluci\u00f3n SPL 28\/20 de la SCBA-\u00a0<\/em><\/p>\n","protected":false},"excerpt":{"rendered":"<p>A partir del d\u00eda de hoy se el Juzgado de Paz informa que comenzara la atenci\u00f3n seg\u00fan fue habilitado en una resoluci\u00f3n de la Suprema Corte de Justicia Bonaerense. Segun pudimos dialogar con FAcundo Vellon Secreatraio de Juzgado de Paz de San pedro se habilito a aprtir de hoy la atencion presencial con las restricciones [&hellip;]<\/p>\n","protected":false},"author":4,"featured_media":79850,"comment_status":"open","ping_status":"closed","sticky":false,"template":"","format":"standard","meta":{"om_disable_all_campaigns":false,"_jetpack_memberships_contains_paid_content":false,"footnotes":""},"categories":[101,2],"tags":[197,696,1744,33],"class_list":["post-79849","post","type-post","status-publish","format-standard","has-post-thumbnail","hentry","category-interes-general-locales","category-locales","tag-buenos-aires","tag-interes-general","tag-juzgado-de-paz","tag-locales"],"aioseo_notices":[],"gutentor_comment":0,"jetpack_featured_media_url":"https:\/\/eldiariodesanpedro.com.ar\/sitio\/wp-content\/uploads\/2020\/08\/Juzgado-de-Paz.png","jetpack_shortlink":"https:\/\/wp.me\/p6RhLt-kLT","jetpack_sharing_enabled":true,"_links":{"self":[{"href":"https:\/\/eldiariodesanpedro.com.ar\/sitio\/wp-json\/wp\/v2\/posts\/79849","targetHints":{"allow":["GET"]}}],"collection":[{"href":"https:\/\/eldiariodesanpedro.com.ar\/sitio\/wp-json\/wp\/v2\/posts"}],"about":[{"href":"https:\/\/eldiariodesanpedro.com.ar\/sitio\/wp-json\/wp\/v2\/types\/post"}],"author":[{"embeddable":true,"href":"https:\/\/eldiariodesanpedro.com.ar\/sitio\/wp-json\/wp\/v2\/users\/4"}],"replies":[{"embeddable":true,"href":"https:\/\/eldiariodesanpedro.com.ar\/sitio\/wp-json\/wp\/v2\/comments?post=79849"}],"version-history":[{"count":1,"href":"https:\/\/eldiariodesanpedro.com.ar\/sitio\/wp-json\/wp\/v2\/posts\/79849\/revisions"}],"predecessor-version":[{"id":79851,"href":"https:\/\/eldiariodesanpedro.com.ar\/sitio\/wp-json\/wp\/v2\/posts\/79849\/revisions\/79851"}],"wp:featuredmedia":[{"embeddable":true,"href":"https:\/\/eldiariodesanpedro.com.ar\/sitio\/wp-json\/wp\/v2\/media\/79850"}],"wp:attachment":[{"href":"https:\/\/eldiariodesanpedro.com.ar\/sitio\/wp-json\/wp\/v2\/media?parent=79849"}],"wp:term":[{"taxonomy":"category","embeddable":true,"href":"https:\/\/eldiariodesanpedro.com.ar\/sitio\/wp-json\/wp\/v2\/categories?post=79849"},{"taxonomy":"post_tag","embeddable":true,"href":"https:\/\/eldiariodesanpedro.com.ar\/sitio\/wp-json\/wp\/v2\/tags?post=79849"}],"curies":[{"name":"wp","href":"https:\/\/api.w.org\/{rel}","templated":true}]}}