{"id":79838,"date":"2020-08-24T09:29:51","date_gmt":"2020-08-24T12:29:51","guid":{"rendered":"https:\/\/eldiariodesanpedro.com.ar\/sitio\/?p=79838"},"modified":"2020-08-24T09:29:55","modified_gmt":"2020-08-24T12:29:55","slug":"este-sabado-se-registro-un-principio-de-incendio-en-una-vivienda","status":"publish","type":"post","link":"https:\/\/eldiariodesanpedro.com.ar\/sitio\/este-sabado-se-registro-un-principio-de-incendio-en-una-vivienda\/","title":{"rendered":"Este s\u00e1bado se registro un principio de incendio en una vivienda"},"content":{"rendered":"<!-- VideographyWP Plugin Message: Automatic video embedding prevented by plugin options. -->\n\n<p>Durante la tarde del s\u00e1bado, alrededor de las 16 horas, se produjo el incendio de un garaje ubicado en la calle Almafuerte al 2500.<\/p>\n\n\n\n<p>All\u00ed, por circunstancias que se desconocen, tom\u00f3 fuego el interior de un garaje que se encontraba cerrado y sin su due\u00f1o en el lugar.<\/p>\n\n\n\n<p>Una dotaci\u00f3n del cuerpo de Bomberos Voluntarios, a cargo del Comandante Mayor Daniel Lavella, atac\u00f3 el fuego desde la parte superior de la dependencia y logr\u00f3 a trav\u00e9s de una peque\u00f1a abertura dominar las llamas hasta extinguirlas.<\/p>\n\n\n\n<p>Posteriormente, al arribar una de las personas responsables del lugar y abrir el garaje se pudo establecer que en ese momento no hab\u00eda ning\u00fan veh\u00edculo en el interior.<\/p>\n\n\n\n<figure class=\"wp-block-image size-large\"><img decoding=\"async\" width=\"1024\" height=\"498\" data-attachment-id=\"79840\" data-permalink=\"https:\/\/eldiariodesanpedro.com.ar\/sitio\/20200822_164052\/\" data-orig-file=\"https:\/\/eldiariodesanpedro.com.ar\/sitio\/wp-content\/uploads\/2020\/08\/20200822_164052-scaled.jpg\" data-orig-size=\"2560,1244\" data-comments-opened=\"1\" data-image-meta=\"{&quot;aperture&quot;:&quot;1.7&quot;,&quot;credit&quot;:&quot;&quot;,&quot;camera&quot;:&quot;SM-N950F&quot;,&quot;caption&quot;:&quot;&quot;,&quot;created_timestamp&quot;:&quot;1598114452&quot;,&quot;copyright&quot;:&quot;&quot;,&quot;focal_length&quot;:&quot;4.3&quot;,&quot;iso&quot;:&quot;40&quot;,&quot;shutter_speed&quot;:&quot;0.0010799136069114&quot;,&quot;title&quot;:&quot;&quot;,&quot;orientation&quot;:&quot;1&quot;}\" data-image-title=\"20200822_164052\" data-image-description=\"\" data-image-caption=\"\" data-large-file=\"https:\/\/eldiariodesanpedro.com.ar\/sitio\/wp-content\/uploads\/2020\/08\/20200822_164052-1024x498.jpg\" data-src=\"https:\/\/eldiariodesanpedro.com.ar\/sitio\/wp-content\/uploads\/2020\/08\/20200822_164052-1024x498.jpg\" alt=\"\" class=\"wp-image-79840 lazyload\" data-srcset=\"https:\/\/eldiariodesanpedro.com.ar\/sitio\/wp-content\/uploads\/2020\/08\/20200822_164052-1024x498.jpg 1024w, https:\/\/eldiariodesanpedro.com.ar\/sitio\/wp-content\/uploads\/2020\/08\/20200822_164052-300x146.jpg 300w, https:\/\/eldiariodesanpedro.com.ar\/sitio\/wp-content\/uploads\/2020\/08\/20200822_164052-768x373.jpg 768w, https:\/\/eldiariodesanpedro.com.ar\/sitio\/wp-content\/uploads\/2020\/08\/20200822_164052-1536x747.jpg 1536w, https:\/\/eldiariodesanpedro.com.ar\/sitio\/wp-content\/uploads\/2020\/08\/20200822_164052-2048x996.jpg 2048w\" data-sizes=\"(max-width: 1024px) 100vw, 1024px\" src=\"data:image\/svg+xml;base64,PHN2ZyB3aWR0aD0iMSIgaGVpZ2h0PSIxIiB4bWxucz0iaHR0cDovL3d3dy53My5vcmcvMjAwMC9zdmciPjwvc3ZnPg==\" style=\"--smush-placeholder-width: 1024px; --smush-placeholder-aspect-ratio: 1024\/498;\" \/><\/figure>\n","protected":false},"excerpt":{"rendered":"<p>Durante la tarde del s\u00e1bado, alrededor de las 16 horas, se produjo el incendio de un garaje ubicado en la calle Almafuerte al 2500. All\u00ed, por circunstancias que se desconocen, tom\u00f3 fuego el interior de un garaje que se encontraba cerrado y sin su due\u00f1o en el lugar. Una dotaci\u00f3n del cuerpo de Bomberos Voluntarios, [&hellip;]<\/p>\n","protected":false},"author":4,"featured_media":79841,"comment_status":"open","ping_status":"closed","sticky":false,"template":"","format":"standard","meta":{"om_disable_all_campaigns":false,"_jetpack_memberships_contains_paid_content":false,"footnotes":""},"categories":[2,103],"tags":[197,562,33,95],"class_list":["post-79838","post","type-post","status-publish","format-standard","has-post-thumbnail","hentry","category-locales","category-policiales-locales","tag-buenos-aires","tag-incendio","tag-locales","tag-policiales"],"aioseo_notices":[],"gutentor_comment":0,"jetpack_featured_media_url":"https:\/\/eldiariodesanpedro.com.ar\/sitio\/wp-content\/uploads\/2020\/08\/20200822_164032-scaled-e1598272116900.jpg","jetpack_shortlink":"https:\/\/wp.me\/p6RhLt-kLI","jetpack_sharing_enabled":true,"_links":{"self":[{"href":"https:\/\/eldiariodesanpedro.com.ar\/sitio\/wp-json\/wp\/v2\/posts\/79838","targetHints":{"allow":["GET"]}}],"collection":[{"href":"https:\/\/eldiariodesanpedro.com.ar\/sitio\/wp-json\/wp\/v2\/posts"}],"about":[{"href":"https:\/\/eldiariodesanpedro.com.ar\/sitio\/wp-json\/wp\/v2\/types\/post"}],"author":[{"embeddable":true,"href":"https:\/\/eldiariodesanpedro.com.ar\/sitio\/wp-json\/wp\/v2\/users\/4"}],"replies":[{"embeddable":true,"href":"https:\/\/eldiariodesanpedro.com.ar\/sitio\/wp-json\/wp\/v2\/comments?post=79838"}],"version-history":[{"count":1,"href":"https:\/\/eldiariodesanpedro.com.ar\/sitio\/wp-json\/wp\/v2\/posts\/79838\/revisions"}],"predecessor-version":[{"id":79848,"href":"https:\/\/eldiariodesanpedro.com.ar\/sitio\/wp-json\/wp\/v2\/posts\/79838\/revisions\/79848"}],"wp:featuredmedia":[{"embeddable":true,"href":"https:\/\/eldiariodesanpedro.com.ar\/sitio\/wp-json\/wp\/v2\/media\/79841"}],"wp:attachment":[{"href":"https:\/\/eldiariodesanpedro.com.ar\/sitio\/wp-json\/wp\/v2\/media?parent=79838"}],"wp:term":[{"taxonomy":"category","embeddable":true,"href":"https:\/\/eldiariodesanpedro.com.ar\/sitio\/wp-json\/wp\/v2\/categories?post=79838"},{"taxonomy":"post_tag","embeddable":true,"href":"https:\/\/eldiariodesanpedro.com.ar\/sitio\/wp-json\/wp\/v2\/tags?post=79838"}],"curies":[{"name":"wp","href":"https:\/\/api.w.org\/{rel}","templated":true}]}}