{"id":79835,"date":"2020-08-24T09:18:10","date_gmt":"2020-08-24T12:18:10","guid":{"rendered":"https:\/\/eldiariodesanpedro.com.ar\/sitio\/?p=79835"},"modified":"2020-08-24T09:18:14","modified_gmt":"2020-08-24T12:18:14","slug":"gendarmeria-y-prefectura-efectuaron-entrenamientos-en-el-aerodromo-de-nuestra-ciudad","status":"publish","type":"post","link":"https:\/\/eldiariodesanpedro.com.ar\/sitio\/gendarmeria-y-prefectura-efectuaron-entrenamientos-en-el-aerodromo-de-nuestra-ciudad\/","title":{"rendered":"Gendarmer\u00eda y Prefectura efectuaron entrenamientos en el aer\u00f3dromo de nuestra ciudad"},"content":{"rendered":"<!-- VideographyWP Plugin Message: Automatic video embedding prevented by plugin options. -->\n\n<p>Como sucede muy a menudo en esta oportunidad, personal de ambas fuerzas, realizaron actividades durante el viernes y s\u00e1bado.<\/p>\n\n\n\n<p>El aer\u00f3dromo de nuestra ciudad volvi\u00f3 a ser el lugar elegido para que distintos equipos de las fuerzas de seguridad realicen actividades.<\/p>\n\n\n\n<p>En esta oportunidad, personal de Gendarmer\u00eda y Prefectura Naval Argentina, que incluy\u00f3 la participaci\u00f3n del experimentado Grupo Alacr\u00e1n, efectuaron tareas de entrenamiento.<\/p>\n\n\n\n<p>Fue una capacitaci\u00f3n de paracaidismo y lo hicieron tanto el viernes como el s\u00e1bado divididos en grupos no menor a 50 integrantes.<\/p>\n\n\n\n<p>Varios m\u00f3viles m\u00e1s el personal y los aviones fueron parte de la log\u00edstica que Gendarmer\u00eda y Prefectura desplegaron en el lugar.<\/p>\n\n\n\n<p>Fuente: <a href=\"https:\/\/www.sanpedroinforma.com.ar\/nota\/123606\/sociedad\/gendarmeria-y-prefectura-efectuaron-entrenamientos-en-el-aerodromo-de-nuestra-ciudad.html\">San Pedro Informa <\/a><\/p>\n","protected":false},"excerpt":{"rendered":"<p>Como sucede muy a menudo en esta oportunidad, personal de ambas fuerzas, realizaron actividades durante el viernes y s\u00e1bado. El aer\u00f3dromo de nuestra ciudad volvi\u00f3 a ser el lugar elegido para que distintos equipos de las fuerzas de seguridad realicen actividades. En esta oportunidad, personal de Gendarmer\u00eda y Prefectura Naval Argentina, que incluy\u00f3 la participaci\u00f3n [&hellip;]<\/p>\n","protected":false},"author":4,"featured_media":79836,"comment_status":"open","ping_status":"closed","sticky":false,"template":"","format":"standard","meta":{"om_disable_all_campaigns":false,"_jetpack_memberships_contains_paid_content":false,"footnotes":""},"categories":[101,2],"tags":[],"class_list":["post-79835","post","type-post","status-publish","format-standard","has-post-thumbnail","hentry","category-interes-general-locales","category-locales"],"aioseo_notices":[],"gutentor_comment":0,"jetpack_featured_media_url":"https:\/\/eldiariodesanpedro.com.ar\/sitio\/wp-content\/uploads\/2020\/08\/000086546.jpg","jetpack_shortlink":"https:\/\/wp.me\/p6RhLt-kLF","jetpack_sharing_enabled":true,"_links":{"self":[{"href":"https:\/\/eldiariodesanpedro.com.ar\/sitio\/wp-json\/wp\/v2\/posts\/79835","targetHints":{"allow":["GET"]}}],"collection":[{"href":"https:\/\/eldiariodesanpedro.com.ar\/sitio\/wp-json\/wp\/v2\/posts"}],"about":[{"href":"https:\/\/eldiariodesanpedro.com.ar\/sitio\/wp-json\/wp\/v2\/types\/post"}],"author":[{"embeddable":true,"href":"https:\/\/eldiariodesanpedro.com.ar\/sitio\/wp-json\/wp\/v2\/users\/4"}],"replies":[{"embeddable":true,"href":"https:\/\/eldiariodesanpedro.com.ar\/sitio\/wp-json\/wp\/v2\/comments?post=79835"}],"version-history":[{"count":1,"href":"https:\/\/eldiariodesanpedro.com.ar\/sitio\/wp-json\/wp\/v2\/posts\/79835\/revisions"}],"predecessor-version":[{"id":79837,"href":"https:\/\/eldiariodesanpedro.com.ar\/sitio\/wp-json\/wp\/v2\/posts\/79835\/revisions\/79837"}],"wp:featuredmedia":[{"embeddable":true,"href":"https:\/\/eldiariodesanpedro.com.ar\/sitio\/wp-json\/wp\/v2\/media\/79836"}],"wp:attachment":[{"href":"https:\/\/eldiariodesanpedro.com.ar\/sitio\/wp-json\/wp\/v2\/media?parent=79835"}],"wp:term":[{"taxonomy":"category","embeddable":true,"href":"https:\/\/eldiariodesanpedro.com.ar\/sitio\/wp-json\/wp\/v2\/categories?post=79835"},{"taxonomy":"post_tag","embeddable":true,"href":"https:\/\/eldiariodesanpedro.com.ar\/sitio\/wp-json\/wp\/v2\/tags?post=79835"}],"curies":[{"name":"wp","href":"https:\/\/api.w.org\/{rel}","templated":true}]}}