{"id":79829,"date":"2020-08-24T09:07:03","date_gmt":"2020-08-24T12:07:03","guid":{"rendered":"https:\/\/eldiariodesanpedro.com.ar\/sitio\/?p=79829"},"modified":"2020-08-24T09:07:04","modified_gmt":"2020-08-24T12:07:04","slug":"el-museo-paleontologico-en-la-tv-publica","status":"publish","type":"post","link":"https:\/\/eldiariodesanpedro.com.ar\/sitio\/el-museo-paleontologico-en-la-tv-publica\/","title":{"rendered":"El Museo Paleontol\u00f3gico en la TV P\u00fablica"},"content":{"rendered":"<!-- VideographyWP Plugin Message: Automatic video embedding prevented by plugin options. -->\n\n<p>Su director, Jos\u00e9 Luis Aguilar, particip\u00f3 del programa \u201cTodos Estamos Conectado\u201d donde cont\u00f3 detalles de los \u00faltimos hallazgos.<\/p>\n\n\n\n<p>Habitu\u00e9 a este tipo de reconocimientos, en la tarde del jueves, durante la emisi\u00f3n del programa \u201cTodos Estamos Conectado\u201d que se emite por la TV P\u00fablica y que conducen Sergio Goycoechea y Noe Antonelli, se realiz\u00f3 una entrevista al director del Museo Paleontol\u00f3gico, Jos\u00e9 Luis Aguilar.<\/p>\n\n\n\n<p>En la misma se habl\u00f3 del hallazgo del armadillo f\u00f3sil que fue encontrado en Vuelta de Obligado y seg\u00fan se pudo establecer sobrevivi\u00f3 a la batalla que all\u00ed se produjo.<\/p>\n\n\n\n<p>Aguilar explic\u00f3 que son restos de un animal de hace 700.000 a\u00f1os que fue avistado en el sector donde desembarcaron tropas anglo-francesas durante el combate de Obligado, en 1845.<\/p>\n\n\n\n<p>Fuente: <a href=\"https:\/\/www.sanpedroinforma.com.ar\/nota\/123600\/interes-general\/el-museo-paleontologico-en-la-tv-publica.html\">San Pedro Informa<\/a><\/p>\n","protected":false},"excerpt":{"rendered":"<p>Su director, Jos\u00e9 Luis Aguilar, particip\u00f3 del programa \u201cTodos Estamos Conectado\u201d donde cont\u00f3 detalles de los \u00faltimos hallazgos. Habitu\u00e9 a este tipo de reconocimientos, en la tarde del jueves, durante la emisi\u00f3n del programa \u201cTodos Estamos Conectado\u201d que se emite por la TV P\u00fablica y que conducen Sergio Goycoechea y Noe Antonelli, se realiz\u00f3 una [&hellip;]<\/p>\n","protected":false},"author":4,"featured_media":79830,"comment_status":"open","ping_status":"closed","sticky":false,"template":"","format":"standard","meta":{"om_disable_all_campaigns":false,"_jetpack_memberships_contains_paid_content":false,"footnotes":""},"categories":[101,2],"tags":[197,696,33],"class_list":["post-79829","post","type-post","status-publish","format-standard","has-post-thumbnail","hentry","category-interes-general-locales","category-locales","tag-buenos-aires","tag-interes-general","tag-locales"],"aioseo_notices":[],"gutentor_comment":0,"jetpack_featured_media_url":"https:\/\/eldiariodesanpedro.com.ar\/sitio\/wp-content\/uploads\/2020\/08\/000086490.jpg","jetpack_shortlink":"https:\/\/wp.me\/p6RhLt-kLz","jetpack_sharing_enabled":true,"_links":{"self":[{"href":"https:\/\/eldiariodesanpedro.com.ar\/sitio\/wp-json\/wp\/v2\/posts\/79829","targetHints":{"allow":["GET"]}}],"collection":[{"href":"https:\/\/eldiariodesanpedro.com.ar\/sitio\/wp-json\/wp\/v2\/posts"}],"about":[{"href":"https:\/\/eldiariodesanpedro.com.ar\/sitio\/wp-json\/wp\/v2\/types\/post"}],"author":[{"embeddable":true,"href":"https:\/\/eldiariodesanpedro.com.ar\/sitio\/wp-json\/wp\/v2\/users\/4"}],"replies":[{"embeddable":true,"href":"https:\/\/eldiariodesanpedro.com.ar\/sitio\/wp-json\/wp\/v2\/comments?post=79829"}],"version-history":[{"count":1,"href":"https:\/\/eldiariodesanpedro.com.ar\/sitio\/wp-json\/wp\/v2\/posts\/79829\/revisions"}],"predecessor-version":[{"id":79831,"href":"https:\/\/eldiariodesanpedro.com.ar\/sitio\/wp-json\/wp\/v2\/posts\/79829\/revisions\/79831"}],"wp:featuredmedia":[{"embeddable":true,"href":"https:\/\/eldiariodesanpedro.com.ar\/sitio\/wp-json\/wp\/v2\/media\/79830"}],"wp:attachment":[{"href":"https:\/\/eldiariodesanpedro.com.ar\/sitio\/wp-json\/wp\/v2\/media?parent=79829"}],"wp:term":[{"taxonomy":"category","embeddable":true,"href":"https:\/\/eldiariodesanpedro.com.ar\/sitio\/wp-json\/wp\/v2\/categories?post=79829"},{"taxonomy":"post_tag","embeddable":true,"href":"https:\/\/eldiariodesanpedro.com.ar\/sitio\/wp-json\/wp\/v2\/tags?post=79829"}],"curies":[{"name":"wp","href":"https:\/\/api.w.org\/{rel}","templated":true}]}}