{"id":79823,"date":"2020-08-22T11:35:39","date_gmt":"2020-08-22T14:35:39","guid":{"rendered":"https:\/\/eldiariodesanpedro.com.ar\/sitio\/?p=79823"},"modified":"2020-08-22T11:35:42","modified_gmt":"2020-08-22T14:35:42","slug":"congelan-precios-de-telefonia-celular-y-fija-internet-y-tv-paga","status":"publish","type":"post","link":"https:\/\/eldiariodesanpedro.com.ar\/sitio\/congelan-precios-de-telefonia-celular-y-fija-internet-y-tv-paga\/","title":{"rendered":"Congelan precios de telefon\u00eda celular y fija, internet y TV paga"},"content":{"rendered":"<!-- VideographyWP Plugin Message: Automatic video embedding prevented by plugin options. -->\n\n<p>La telefon\u00eda celular y fija, los servicios de internet y la TV paga son declarados como servicios p\u00fablicos esenciales y se congelan los precios hasta el 31 de diciembre del 2020, anunci\u00f3 el presidente Alberto Fern\u00e1ndez quien resalt\u00f3 que \u00abde esta manera garantizamos el acceso a los mismos para todos y todas\u00bb.<\/p>\n\n\n\n<p>La medida se confirma mediante un decreto de necesidad y urgencia, que se publicaba este viernes, se\u00f1alaron desde el Gobierno.<\/p>\n\n\n\n<p>Los precios de las tarifas de los servicios telef\u00f3nicos, de internet y de la televisi\u00f3n paga se congelar\u00e1n hasta el 31 de diciembre de 2020, indicaron desde el Ejecutivo. Tampoco podr\u00e1 haber aumento de tarifas en el futuro sin previa autorizaci\u00f3n del Estado, aclararon. \u00abAnte las restricciones que la pandemia nos impone, nadie deber\u00e1 resignar parte de sus ingresos en afrontar aumentos en los precios de estos servicios\u00bb, dijo el presidente.<\/p>\n\n\n\n<p>\u00abDe esta manera estamos recuperando herramientas regulatorias que el gobierno anterior quit\u00f3 al Estado. El derecho de los usuarios y consumidores es un derecho constitucionalmente reconocido. En lo sucesivo, no podr\u00e1 haber ning\u00fan aumento sin la previa aprobaci\u00f3n del Estado\u00bb, se\u00f1al\u00f3 Fern\u00e1ndez<\/p>\n\n\n\n<p>Y agreg\u00f3: \u00abLa educaci\u00f3n, el acceso al conocimiento, a la cultura y la comunicaci\u00f3n son derechos b\u00e1sicos. Por eso se ha decidido que habr\u00e1 planes inclusivos de prestaci\u00f3n b\u00e1sica universal y obligatoria para los que menos tienen\u00bb.<\/p>\n","protected":false},"excerpt":{"rendered":"<p>La telefon\u00eda celular y fija, los servicios de internet y la TV paga son declarados como servicios p\u00fablicos esenciales y se congelan los precios hasta el 31 de diciembre del 2020, anunci\u00f3 el presidente Alberto Fern\u00e1ndez quien resalt\u00f3 que \u00abde esta manera garantizamos el acceso a los mismos para todos y todas\u00bb. La medida se [&hellip;]<\/p>\n","protected":false},"author":4,"featured_media":79824,"comment_status":"open","ping_status":"closed","sticky":false,"template":"","format":"standard","meta":{"om_disable_all_campaigns":false,"_jetpack_memberships_contains_paid_content":false,"footnotes":""},"categories":[101,2],"tags":[197,696,33],"class_list":["post-79823","post","type-post","status-publish","format-standard","has-post-thumbnail","hentry","category-interes-general-locales","category-locales","tag-buenos-aires","tag-interes-general","tag-locales"],"aioseo_notices":[],"gutentor_comment":0,"jetpack_featured_media_url":"https:\/\/eldiariodesanpedro.com.ar\/sitio\/wp-content\/uploads\/2020\/08\/no_h71j7lcigdqiujyserv_1_.jpg","jetpack_shortlink":"https:\/\/wp.me\/p6RhLt-kLt","jetpack_sharing_enabled":true,"_links":{"self":[{"href":"https:\/\/eldiariodesanpedro.com.ar\/sitio\/wp-json\/wp\/v2\/posts\/79823","targetHints":{"allow":["GET"]}}],"collection":[{"href":"https:\/\/eldiariodesanpedro.com.ar\/sitio\/wp-json\/wp\/v2\/posts"}],"about":[{"href":"https:\/\/eldiariodesanpedro.com.ar\/sitio\/wp-json\/wp\/v2\/types\/post"}],"author":[{"embeddable":true,"href":"https:\/\/eldiariodesanpedro.com.ar\/sitio\/wp-json\/wp\/v2\/users\/4"}],"replies":[{"embeddable":true,"href":"https:\/\/eldiariodesanpedro.com.ar\/sitio\/wp-json\/wp\/v2\/comments?post=79823"}],"version-history":[{"count":1,"href":"https:\/\/eldiariodesanpedro.com.ar\/sitio\/wp-json\/wp\/v2\/posts\/79823\/revisions"}],"predecessor-version":[{"id":79825,"href":"https:\/\/eldiariodesanpedro.com.ar\/sitio\/wp-json\/wp\/v2\/posts\/79823\/revisions\/79825"}],"wp:featuredmedia":[{"embeddable":true,"href":"https:\/\/eldiariodesanpedro.com.ar\/sitio\/wp-json\/wp\/v2\/media\/79824"}],"wp:attachment":[{"href":"https:\/\/eldiariodesanpedro.com.ar\/sitio\/wp-json\/wp\/v2\/media?parent=79823"}],"wp:term":[{"taxonomy":"category","embeddable":true,"href":"https:\/\/eldiariodesanpedro.com.ar\/sitio\/wp-json\/wp\/v2\/categories?post=79823"},{"taxonomy":"post_tag","embeddable":true,"href":"https:\/\/eldiariodesanpedro.com.ar\/sitio\/wp-json\/wp\/v2\/tags?post=79823"}],"curies":[{"name":"wp","href":"https:\/\/api.w.org\/{rel}","templated":true}]}}