{"id":79817,"date":"2020-08-22T11:31:21","date_gmt":"2020-08-22T14:31:21","guid":{"rendered":"https:\/\/eldiariodesanpedro.com.ar\/sitio\/?p=79817"},"modified":"2020-08-22T11:31:22","modified_gmt":"2020-08-22T14:31:22","slug":"san-nicolas-incendiaron-la-casa-de-un-sujeto-por-presunto-intento-de-abuso-sexual","status":"publish","type":"post","link":"https:\/\/eldiariodesanpedro.com.ar\/sitio\/san-nicolas-incendiaron-la-casa-de-un-sujeto-por-presunto-intento-de-abuso-sexual\/","title":{"rendered":"SAN NICOL\u00c1S | Incendiaron la casa de un sujeto por presunto intento de abuso sexual"},"content":{"rendered":"<!-- VideographyWP Plugin Message: Automatic video embedding prevented by plugin options. -->\n\n<p>El hecho ocurri\u00f3 en calle P. Goit\u00eda y Ferreyra. Un sujeto mayor de edad, cuya identidad no trascendi\u00f3 a los medios, fue aprehendido por Tentativa de Abuso Sexual.<\/p>\n\n\n\n<p>De acuerdo a los testimonios obtenidos, el hombre le habr\u00eda ofrecido caramelos a una ni\u00f1a, invit\u00e1ndola pasar a su domicilio de chapa.<\/p>\n\n\n\n<p>Al tomar conocimiento del hecho, los vecinos incendiario la vivienda precaria del imputado.<\/p>\n\n\n\n<p>Intervino la Fiscal\u00eda N\u00b0 6.<\/p>\n\n\n\n<p>Fuente: <a href=\"http:\/\/www.diarioelinformante.com.ar\/nota-58691_incendiaron-la-casa-de-un-sujeto-por-presunto-intento-de-abuso-sexual\">Diario El Informante<\/a><\/p>\n","protected":false},"excerpt":{"rendered":"<p>El hecho ocurri\u00f3 en calle P. Goit\u00eda y Ferreyra. Un sujeto mayor de edad, cuya identidad no trascendi\u00f3 a los medios, fue aprehendido por Tentativa de Abuso Sexual. De acuerdo a los testimonios obtenidos, el hombre le habr\u00eda ofrecido caramelos a una ni\u00f1a, invit\u00e1ndola pasar a su domicilio de chapa. Al tomar conocimiento del hecho, [&hellip;]<\/p>\n","protected":false},"author":4,"featured_media":79818,"comment_status":"open","ping_status":"closed","sticky":false,"template":"","format":"standard","meta":{"om_disable_all_campaigns":false,"_jetpack_memberships_contains_paid_content":false,"footnotes":""},"categories":[621],"tags":[197,681,714],"class_list":["post-79817","post","type-post","status-publish","format-standard","has-post-thumbnail","hentry","category-regionales","tag-buenos-aires","tag-regionales","tag-san-nicolas"],"aioseo_notices":[],"gutentor_comment":0,"jetpack_featured_media_url":"https:\/\/eldiariodesanpedro.com.ar\/sitio\/wp-content\/uploads\/2020\/08\/no_66vmhufob129hqzpar.jpg","jetpack_shortlink":"https:\/\/wp.me\/p6RhLt-kLn","jetpack_sharing_enabled":true,"_links":{"self":[{"href":"https:\/\/eldiariodesanpedro.com.ar\/sitio\/wp-json\/wp\/v2\/posts\/79817","targetHints":{"allow":["GET"]}}],"collection":[{"href":"https:\/\/eldiariodesanpedro.com.ar\/sitio\/wp-json\/wp\/v2\/posts"}],"about":[{"href":"https:\/\/eldiariodesanpedro.com.ar\/sitio\/wp-json\/wp\/v2\/types\/post"}],"author":[{"embeddable":true,"href":"https:\/\/eldiariodesanpedro.com.ar\/sitio\/wp-json\/wp\/v2\/users\/4"}],"replies":[{"embeddable":true,"href":"https:\/\/eldiariodesanpedro.com.ar\/sitio\/wp-json\/wp\/v2\/comments?post=79817"}],"version-history":[{"count":1,"href":"https:\/\/eldiariodesanpedro.com.ar\/sitio\/wp-json\/wp\/v2\/posts\/79817\/revisions"}],"predecessor-version":[{"id":79819,"href":"https:\/\/eldiariodesanpedro.com.ar\/sitio\/wp-json\/wp\/v2\/posts\/79817\/revisions\/79819"}],"wp:featuredmedia":[{"embeddable":true,"href":"https:\/\/eldiariodesanpedro.com.ar\/sitio\/wp-json\/wp\/v2\/media\/79818"}],"wp:attachment":[{"href":"https:\/\/eldiariodesanpedro.com.ar\/sitio\/wp-json\/wp\/v2\/media?parent=79817"}],"wp:term":[{"taxonomy":"category","embeddable":true,"href":"https:\/\/eldiariodesanpedro.com.ar\/sitio\/wp-json\/wp\/v2\/categories?post=79817"},{"taxonomy":"post_tag","embeddable":true,"href":"https:\/\/eldiariodesanpedro.com.ar\/sitio\/wp-json\/wp\/v2\/tags?post=79817"}],"curies":[{"name":"wp","href":"https:\/\/api.w.org\/{rel}","templated":true}]}}