{"id":79792,"date":"2020-08-21T23:19:05","date_gmt":"2020-08-22T02:19:05","guid":{"rendered":"https:\/\/eldiariodesanpedro.com.ar\/sitio\/?p=79792"},"modified":"2020-08-21T23:19:06","modified_gmt":"2020-08-22T02:19:06","slug":"fallecio-un-pastor-de-52-anos-con-coronavirus-y-es-la-victima-14","status":"publish","type":"post","link":"https:\/\/eldiariodesanpedro.com.ar\/sitio\/fallecio-un-pastor-de-52-anos-con-coronavirus-y-es-la-victima-14\/","title":{"rendered":"Falleci\u00f3 un pastor de 52 a\u00f1os con coronavirus y es la victima 14"},"content":{"rendered":"<!-- VideographyWP Plugin Message: Automatic video embedding prevented by plugin options. -->\n\n<p>La Secretar\u00eda de Salud de la Municipalidad de San Pedro lamenta informar el fallecimiento del Sr. Pablo P\u00e9rez, de 52 a\u00f1os, que se encontraba internado en la Cl\u00ednica San Pedro desde el 13 de agosto por un caso positivo de Covid-19 y un delicado cuadro general. El paciente hab\u00eda recibido tratamiento con plasma durante su internaci\u00f3n.<\/p>\n\n\n\n<p>Con profundo dolor comunicamos este decimocuarto fallecimiento desde el inicio de la Pandemia en el Partido de San Pedro, y hacemos llegar nuestras condolencias a sus seres queridos.<\/p>\n","protected":false},"excerpt":{"rendered":"<p>La Secretar\u00eda de Salud de la Municipalidad de San Pedro lamenta informar el fallecimiento del Sr. Pablo P\u00e9rez, de 52 a\u00f1os, que se encontraba internado en la Cl\u00ednica San Pedro desde el 13 de agosto por un caso positivo de Covid-19 y un delicado cuadro general. El paciente hab\u00eda recibido tratamiento con plasma durante su [&hellip;]<\/p>\n","protected":false},"author":4,"featured_media":75522,"comment_status":"open","ping_status":"closed","sticky":false,"template":"","format":"standard","meta":{"om_disable_all_campaigns":false,"_jetpack_memberships_contains_paid_content":false,"footnotes":""},"categories":[50,101,2],"tags":[197,696,33],"class_list":["post-79792","post","type-post","status-publish","format-standard","has-post-thumbnail","hentry","category-destacadas","category-interes-general-locales","category-locales","tag-buenos-aires","tag-interes-general","tag-locales"],"aioseo_notices":[],"gutentor_comment":0,"jetpack_featured_media_url":"https:\/\/eldiariodesanpedro.com.ar\/sitio\/wp-content\/uploads\/2020\/06\/medicos-coronavirus.jpg","jetpack_shortlink":"https:\/\/wp.me\/p6RhLt-kKY","jetpack_sharing_enabled":true,"_links":{"self":[{"href":"https:\/\/eldiariodesanpedro.com.ar\/sitio\/wp-json\/wp\/v2\/posts\/79792","targetHints":{"allow":["GET"]}}],"collection":[{"href":"https:\/\/eldiariodesanpedro.com.ar\/sitio\/wp-json\/wp\/v2\/posts"}],"about":[{"href":"https:\/\/eldiariodesanpedro.com.ar\/sitio\/wp-json\/wp\/v2\/types\/post"}],"author":[{"embeddable":true,"href":"https:\/\/eldiariodesanpedro.com.ar\/sitio\/wp-json\/wp\/v2\/users\/4"}],"replies":[{"embeddable":true,"href":"https:\/\/eldiariodesanpedro.com.ar\/sitio\/wp-json\/wp\/v2\/comments?post=79792"}],"version-history":[{"count":1,"href":"https:\/\/eldiariodesanpedro.com.ar\/sitio\/wp-json\/wp\/v2\/posts\/79792\/revisions"}],"predecessor-version":[{"id":79793,"href":"https:\/\/eldiariodesanpedro.com.ar\/sitio\/wp-json\/wp\/v2\/posts\/79792\/revisions\/79793"}],"wp:featuredmedia":[{"embeddable":true,"href":"https:\/\/eldiariodesanpedro.com.ar\/sitio\/wp-json\/wp\/v2\/media\/75522"}],"wp:attachment":[{"href":"https:\/\/eldiariodesanpedro.com.ar\/sitio\/wp-json\/wp\/v2\/media?parent=79792"}],"wp:term":[{"taxonomy":"category","embeddable":true,"href":"https:\/\/eldiariodesanpedro.com.ar\/sitio\/wp-json\/wp\/v2\/categories?post=79792"},{"taxonomy":"post_tag","embeddable":true,"href":"https:\/\/eldiariodesanpedro.com.ar\/sitio\/wp-json\/wp\/v2\/tags?post=79792"}],"curies":[{"name":"wp","href":"https:\/\/api.w.org\/{rel}","templated":true}]}}