{"id":79777,"date":"2020-08-21T20:31:38","date_gmt":"2020-08-21T23:31:38","guid":{"rendered":"https:\/\/eldiariodesanpedro.com.ar\/sitio\/?p=79777"},"modified":"2020-08-21T20:41:25","modified_gmt":"2020-08-21T23:41:25","slug":"detuvieron-a-piratas-del-asfalto-en-baradero-y-uno-de-ellos-seria-policia-en-san-pedro","status":"publish","type":"post","link":"https:\/\/eldiariodesanpedro.com.ar\/sitio\/detuvieron-a-piratas-del-asfalto-en-baradero-y-uno-de-ellos-seria-policia-en-san-pedro\/","title":{"rendered":"Detuvieron a piratas del asfalto en Baradero y uno de ellos seria polic\u00eda en San Pedro"},"content":{"rendered":"<!-- VideographyWP Plugin Message: Automatic video embedding prevented by plugin options. -->\n\n<p>En la tarde de hoy se detuvo a tres personas despu\u00e9s de una larga persecusi\u00f3n de un autom\u00f3vil en el que circulaban cuatro personas, estos delincuentes minutos antes intentaron robar un cami\u00f3n sobre la ruta nacional 9.<\/p>\n\n\n\n<p>El hecho ocurri\u00f3 en horas de la tarde de este viernes en un camino rural de la vecina localidad de Baradero en cercan\u00edas del paraje La Paloma.<\/p>\n\n\n\n<p>Estos delincuentes intentaron robar un cami\u00f3n sobre la ruta nacional 9 km 120, al ser advierto realizaron r\u00e1pidamente una persecuci\u00f3n en el que se vieron involucrados polic\u00eda vial,  polic\u00eda rural y personal de la comisaria de esa localidad.<\/p>\n\n\n\n<p>Tres personas fueron aprehendidas, uno de ellos se desempe\u00f1ar\u00eda en la Polic\u00eda Rural de nuestra ciudad, otro sampedrino con frondosos antecedentes y el ultimo delincuente conocido en Baradero.<\/p>\n\n\n\n<p>Foto Gentileza: Tu Radio Baradero<\/p>\n","protected":false},"excerpt":{"rendered":"<p>En la tarde de hoy se detuvo a tres personas despu\u00e9s de una larga persecusi\u00f3n de un autom\u00f3vil en el que circulaban cuatro personas, estos delincuentes minutos antes intentaron robar un cami\u00f3n sobre la ruta nacional 9. El hecho ocurri\u00f3 en horas de la tarde de este viernes en un camino rural de la vecina [&hellip;]<\/p>\n","protected":false},"author":4,"featured_media":79778,"comment_status":"open","ping_status":"closed","sticky":false,"template":"","format":"standard","meta":{"om_disable_all_campaigns":false,"_jetpack_memberships_contains_paid_content":false,"footnotes":""},"categories":[50,101,2],"tags":[197,33,95],"class_list":["post-79777","post","type-post","status-publish","format-standard","has-post-thumbnail","hentry","category-destacadas","category-interes-general-locales","category-locales","tag-buenos-aires","tag-locales","tag-policiales"],"aioseo_notices":[],"gutentor_comment":0,"jetpack_featured_media_url":"https:\/\/eldiariodesanpedro.com.ar\/sitio\/wp-content\/uploads\/2020\/08\/118307714_2391384431171320_107412319282501497_n.jpg","jetpack_shortlink":"https:\/\/wp.me\/p6RhLt-kKJ","jetpack_sharing_enabled":true,"_links":{"self":[{"href":"https:\/\/eldiariodesanpedro.com.ar\/sitio\/wp-json\/wp\/v2\/posts\/79777","targetHints":{"allow":["GET"]}}],"collection":[{"href":"https:\/\/eldiariodesanpedro.com.ar\/sitio\/wp-json\/wp\/v2\/posts"}],"about":[{"href":"https:\/\/eldiariodesanpedro.com.ar\/sitio\/wp-json\/wp\/v2\/types\/post"}],"author":[{"embeddable":true,"href":"https:\/\/eldiariodesanpedro.com.ar\/sitio\/wp-json\/wp\/v2\/users\/4"}],"replies":[{"embeddable":true,"href":"https:\/\/eldiariodesanpedro.com.ar\/sitio\/wp-json\/wp\/v2\/comments?post=79777"}],"version-history":[{"count":7,"href":"https:\/\/eldiariodesanpedro.com.ar\/sitio\/wp-json\/wp\/v2\/posts\/79777\/revisions"}],"predecessor-version":[{"id":79785,"href":"https:\/\/eldiariodesanpedro.com.ar\/sitio\/wp-json\/wp\/v2\/posts\/79777\/revisions\/79785"}],"wp:featuredmedia":[{"embeddable":true,"href":"https:\/\/eldiariodesanpedro.com.ar\/sitio\/wp-json\/wp\/v2\/media\/79778"}],"wp:attachment":[{"href":"https:\/\/eldiariodesanpedro.com.ar\/sitio\/wp-json\/wp\/v2\/media?parent=79777"}],"wp:term":[{"taxonomy":"category","embeddable":true,"href":"https:\/\/eldiariodesanpedro.com.ar\/sitio\/wp-json\/wp\/v2\/categories?post=79777"},{"taxonomy":"post_tag","embeddable":true,"href":"https:\/\/eldiariodesanpedro.com.ar\/sitio\/wp-json\/wp\/v2\/tags?post=79777"}],"curies":[{"name":"wp","href":"https:\/\/api.w.org\/{rel}","templated":true}]}}