{"id":79767,"date":"2020-08-21T18:42:12","date_gmt":"2020-08-21T21:42:12","guid":{"rendered":"https:\/\/eldiariodesanpedro.com.ar\/sitio\/?p=79767"},"modified":"2020-08-21T18:42:16","modified_gmt":"2020-08-21T21:42:16","slug":"a-partir-del-lunes-se-elimina-la-restriccion-de-dni-en-las-salidas-recreativas","status":"publish","type":"post","link":"https:\/\/eldiariodesanpedro.com.ar\/sitio\/a-partir-del-lunes-se-elimina-la-restriccion-de-dni-en-las-salidas-recreativas\/","title":{"rendered":"A partir del lunes se elimina la restricci\u00f3n de DNI en las salidas recreativas"},"content":{"rendered":"<!-- VideographyWP Plugin Message: Automatic video embedding prevented by plugin options. -->\n\n<p>En el d\u00eda de hoy se emiti\u00f3 un comunicado por parte del ejecutivo donde se informo que a partir del pr\u00f3ximo lunes se habilitan los deportes individuales ya dem\u00e1s se habilitan los clubes despu\u00e9s de 5 meses cerrados para realizar estas actividades. <\/p>\n\n\n\n<p>Uno de los requisitos que solicito la Direcci\u00f3n de Deportes a cargo de Ramiro Sanchez Negrete, es eliminar las salidas de esparcimiento por terminaci\u00f3n de DNI para justamente evitar que las personas que hagan deportes individuales no deban depender de esta restricci\u00f3n.<\/p>\n\n\n\n<p>Por lo que se informo en el cominicado \u00abEsta medida es acompa\u00f1ada con el fin de la restricci\u00f3n por n\u00famero de documento para las \u00absalidas de esparcimiento\u00bb, de forma individual o hasta 2 personas. Es importante mencionar que se mantiene la prohibici\u00f3n de permanecer en espacios p\u00fablicos con otros fines ajenos al tr\u00e1nsito durante la actividad de esparcimiento\u00bb.<\/p>\n","protected":false},"excerpt":{"rendered":"<p>En el d\u00eda de hoy se emiti\u00f3 un comunicado por parte del ejecutivo donde se informo que a partir del pr\u00f3ximo lunes se habilitan los deportes individuales ya dem\u00e1s se habilitan los clubes despu\u00e9s de 5 meses cerrados para realizar estas actividades. Uno de los requisitos que solicito la Direcci\u00f3n de Deportes a cargo de [&hellip;]<\/p>\n","protected":false},"author":4,"featured_media":78119,"comment_status":"open","ping_status":"closed","sticky":false,"template":"","format":"standard","meta":{"om_disable_all_campaigns":false,"_jetpack_memberships_contains_paid_content":false,"footnotes":""},"categories":[2],"tags":[],"class_list":["post-79767","post","type-post","status-publish","format-standard","has-post-thumbnail","hentry","category-locales"],"aioseo_notices":[],"gutentor_comment":0,"jetpack_featured_media_url":"https:\/\/eldiariodesanpedro.com.ar\/sitio\/wp-content\/uploads\/2020\/07\/DSC_0072-scaled.jpg","jetpack_shortlink":"https:\/\/wp.me\/p6RhLt-kKz","jetpack_sharing_enabled":true,"_links":{"self":[{"href":"https:\/\/eldiariodesanpedro.com.ar\/sitio\/wp-json\/wp\/v2\/posts\/79767","targetHints":{"allow":["GET"]}}],"collection":[{"href":"https:\/\/eldiariodesanpedro.com.ar\/sitio\/wp-json\/wp\/v2\/posts"}],"about":[{"href":"https:\/\/eldiariodesanpedro.com.ar\/sitio\/wp-json\/wp\/v2\/types\/post"}],"author":[{"embeddable":true,"href":"https:\/\/eldiariodesanpedro.com.ar\/sitio\/wp-json\/wp\/v2\/users\/4"}],"replies":[{"embeddable":true,"href":"https:\/\/eldiariodesanpedro.com.ar\/sitio\/wp-json\/wp\/v2\/comments?post=79767"}],"version-history":[{"count":1,"href":"https:\/\/eldiariodesanpedro.com.ar\/sitio\/wp-json\/wp\/v2\/posts\/79767\/revisions"}],"predecessor-version":[{"id":79768,"href":"https:\/\/eldiariodesanpedro.com.ar\/sitio\/wp-json\/wp\/v2\/posts\/79767\/revisions\/79768"}],"wp:featuredmedia":[{"embeddable":true,"href":"https:\/\/eldiariodesanpedro.com.ar\/sitio\/wp-json\/wp\/v2\/media\/78119"}],"wp:attachment":[{"href":"https:\/\/eldiariodesanpedro.com.ar\/sitio\/wp-json\/wp\/v2\/media?parent=79767"}],"wp:term":[{"taxonomy":"category","embeddable":true,"href":"https:\/\/eldiariodesanpedro.com.ar\/sitio\/wp-json\/wp\/v2\/categories?post=79767"},{"taxonomy":"post_tag","embeddable":true,"href":"https:\/\/eldiariodesanpedro.com.ar\/sitio\/wp-json\/wp\/v2\/tags?post=79767"}],"curies":[{"name":"wp","href":"https:\/\/api.w.org\/{rel}","templated":true}]}}