{"id":79755,"date":"2020-08-21T18:14:10","date_gmt":"2020-08-21T21:14:10","guid":{"rendered":"https:\/\/eldiariodesanpedro.com.ar\/sitio\/?p=79755"},"modified":"2020-08-21T19:08:49","modified_gmt":"2020-08-21T22:08:49","slug":"oficialmente-desde-el-lunes-estan-habilitadas-los-deportes-individuales-y-al-aire-libre","status":"publish","type":"post","link":"https:\/\/eldiariodesanpedro.com.ar\/sitio\/oficialmente-desde-el-lunes-estan-habilitadas-los-deportes-individuales-y-al-aire-libre\/","title":{"rendered":"Oficialmente desde el lunes est\u00e1n habilitadas los deportes individuales y al aire libre"},"content":{"rendered":"<!-- VideographyWP Plugin Message: Automatic video embedding prevented by plugin options. -->\n\n<p>La Municipalidad de San Pedro informa que entrar\u00e1 en vigencia desde el pr\u00f3ximo lunes 24 el Decreto N\u00ba 0760\/2020 que autoriza la realizaci\u00f3n de actividades deportivas individuales al aire libre.<\/p>\n\n\n\n<p>Con expresas instrucciones del Intendente Cecilio Salazar, y tras haber mantenido reuniones con representantes de diversos sectores que aguardaban la inclusi\u00f3n de nuestro distrito en estas autorizaciones, el Comit\u00e9 de Crisis y la Direcci\u00f3n de Deportes de la Municipalidad de San Pedro elaboraron el Decreto correspondiente y las normativas fundamentales para que la reanudaci\u00f3n de estas actividades, se enmarque en un estricto control de distanciamiento social y otras acciones preventivas.<\/p>\n\n\n\n<p>Las actividades deportivas individuales se podr\u00e1n practicar al aire libre, pero no en espacios cerrados y no comprenden, en ning\u00fan caso y sin excepci\u00f3n, la autorizaci\u00f3n a entrenamiento o pr\u00e1ctica grupal. Entre otras se pueden enumerar: atletismo, ciclismo, tenis, paddle, pesca, actividades n\u00e1uticas, etc.<\/p>\n\n\n\n<p>El decreto apunta tambi\u00e9n que; desde la misma fecha, se permitir\u00e1 la apertura de clubes e instituciones p\u00fablicas y privadas (sin utilizaci\u00f3n de vestuarios ni duchas) solamente a estos fines, adoptando modalidades de control y prevenci\u00f3n para coordinar el movimiento de deportistas individuales y trabajadores.<\/p>\n\n\n\n<p>El protocolo general elaborado por la Direcci\u00f3n de Deportes remarca que se debe respetar rigurosamente el \u201cdistanciamiento social\u201d o \u201cdistancia de seguridad\u201d espec\u00edfica para cada actividad. Adem\u00e1s de las recomendaciones generales, presenta algunas de car\u00e1cter particular para cada deporte de acuerdo a sus caracter\u00edsticas y aporta importantes reglas de funcionamiento administrativo y operativo que las entidades deber\u00e1n cumplir para fortalecer las medidas de preventivas.<\/p>\n\n\n\n<p>Esta medida es acompa\u00f1ada con el fin de la restricci\u00f3n por n\u00famero de documento para las \u00absalidas de esparcimiento\u00bb, de forma individual o hasta 2 personas. Es importante mencionar que se mantiene la prohibici\u00f3n de permanecer en espacios p\u00fablicos con otros fines ajenos al tr\u00e1nsito durante la actividad de esparcimiento.<\/p>\n\n\n\n<p>Todos los documentos estar\u00e1n disponibles para la descarga en el sitio web oficial www.sanpedro.gob.ar, Digesto Municipal, Legislaci\u00f3n de Uso Frecuente.<\/p>\n\n\n\n<p>La responsabilidad de todos los involucrados ser\u00e1 fundamental a partir de esta apertura y s\u00f3lo con una evoluci\u00f3n sanitaria positiva podr\u00e1n consolidarse en el tiempo para permitir la autorizaci\u00f3n de otras actividades que moment\u00e1neamente siguen suspendidas.<\/p>\n\n\n\n<p>DECRETO MUNICIPAL:<\/p>\n\n\n<a href=\"https:\/\/eldiariodesanpedro.com.ar\/sitio\/wp-content\/uploads\/2020\/08\/SP_0760-2020-Activ_Deportivas_Individuales.pdf\" class=\"pdfemb-viewer\" style=\"\" data-width=\"max\" data-height=\"max\" data-toolbar=\"bottom\" data-toolbar-fixed=\"off\">SP_0760-2020-Activ_Deportivas_Individuales<\/a>\n<p class=\"wp-block-pdfemb-pdf-embedder-viewer\"><\/p>\n\n\n\n<p>DIFERENTES PROTOCOLOS<\/p>\n\n\n<a href=\"https:\/\/eldiariodesanpedro.com.ar\/sitio\/wp-content\/uploads\/2020\/08\/AAT_Protocolo_Tenis.pdf\" class=\"pdfemb-viewer\" style=\"\" data-width=\"max\" data-height=\"max\" data-toolbar=\"bottom\" data-toolbar-fixed=\"off\">AAT_Protocolo_Tenis<\/a>\n<p class=\"wp-block-pdfemb-pdf-embedder-viewer\"><\/p>\n\n\n<a href=\"https:\/\/eldiariodesanpedro.com.ar\/sitio\/wp-content\/uploads\/2020\/08\/CNAD_Protocolo_Apertura_Natatorios.pdf\" class=\"pdfemb-viewer\" style=\"\" data-width=\"max\" data-height=\"max\" data-toolbar=\"bottom\" data-toolbar-fixed=\"off\">CNAD_Protocolo_Apertura_Natatorios<\/a>\n<p class=\"wp-block-pdfemb-pdf-embedder-viewer\"><\/p>\n\n\n<a href=\"https:\/\/eldiariodesanpedro.com.ar\/sitio\/wp-content\/uploads\/2020\/08\/DECAD-2020-1518-APN-JGM_Activ_Deportivas_Individuales.pdf\" class=\"pdfemb-viewer\" style=\"\" data-width=\"max\" data-height=\"max\" data-toolbar=\"bottom\" data-toolbar-fixed=\"off\">DECAD-2020-1518-APN-JGM_Activ_Deportivas_Individuales<\/a>\n<p class=\"wp-block-pdfemb-pdf-embedder-viewer\"><\/p>\n\n\n<a href=\"https:\/\/eldiariodesanpedro.com.ar\/sitio\/wp-content\/uploads\/2020\/08\/DECAD-2020-1518-APN-JGM_ANEXO_I-Recomendaciones_Vuelta_Deport.pdf\" class=\"pdfemb-viewer\" style=\"\" data-width=\"max\" data-height=\"max\" data-toolbar=\"bottom\" data-toolbar-fixed=\"off\">DECAD-2020-1518-APN-JGM_ANEXO_I-Recomendaciones_Vuelta_Deport<\/a>\n<p class=\"wp-block-pdfemb-pdf-embedder-viewer\"><\/p>\n\n\n<a href=\"https:\/\/eldiariodesanpedro.com.ar\/sitio\/wp-content\/uploads\/2020\/08\/FAY_Nota_y_Protocolo.pdf\" class=\"pdfemb-viewer\" style=\"\" data-width=\"max\" data-height=\"max\" data-toolbar=\"bottom\" data-toolbar-fixed=\"off\">FAY_Nota_y_Protocolo<\/a>\n<p class=\"wp-block-pdfemb-pdf-embedder-viewer\"><\/p>\n\n\n<a href=\"https:\/\/eldiariodesanpedro.com.ar\/sitio\/wp-content\/uploads\/2020\/08\/Protocolo_General_Actividades_Deportivas_Inviduales.pdf\" class=\"pdfemb-viewer\" style=\"\" data-width=\"max\" data-height=\"max\" data-toolbar=\"bottom\" data-toolbar-fixed=\"off\">Protocolo_General_Actividades_Deportivas_Inviduales<\/a>\n<p class=\"wp-block-pdfemb-pdf-embedder-viewer\"><\/p>\n","protected":false},"excerpt":{"rendered":"<p>La Municipalidad de San Pedro informa que entrar\u00e1 en vigencia desde el pr\u00f3ximo lunes 24 el Decreto N\u00ba 0760\/2020 que autoriza la realizaci\u00f3n de actividades deportivas individuales al aire libre. Con expresas instrucciones del Intendente Cecilio Salazar, y tras haber mantenido reuniones con representantes de diversos sectores que aguardaban la inclusi\u00f3n de nuestro distrito en [&hellip;]<\/p>\n","protected":false},"author":4,"featured_media":79756,"comment_status":"open","ping_status":"closed","sticky":false,"template":"","format":"standard","meta":{"om_disable_all_campaigns":false,"_jetpack_memberships_contains_paid_content":false,"footnotes":""},"categories":[50,101,2],"tags":[197,696,33],"class_list":["post-79755","post","type-post","status-publish","format-standard","has-post-thumbnail","hentry","category-destacadas","category-interes-general-locales","category-locales","tag-buenos-aires","tag-interes-general","tag-locales"],"aioseo_notices":[],"gutentor_comment":0,"jetpack_featured_media_url":"https:\/\/eldiariodesanpedro.com.ar\/sitio\/wp-content\/uploads\/2020\/08\/20200819172301_tenis.jpg","jetpack_shortlink":"https:\/\/wp.me\/p6RhLt-kKn","jetpack_sharing_enabled":true,"_links":{"self":[{"href":"https:\/\/eldiariodesanpedro.com.ar\/sitio\/wp-json\/wp\/v2\/posts\/79755","targetHints":{"allow":["GET"]}}],"collection":[{"href":"https:\/\/eldiariodesanpedro.com.ar\/sitio\/wp-json\/wp\/v2\/posts"}],"about":[{"href":"https:\/\/eldiariodesanpedro.com.ar\/sitio\/wp-json\/wp\/v2\/types\/post"}],"author":[{"embeddable":true,"href":"https:\/\/eldiariodesanpedro.com.ar\/sitio\/wp-json\/wp\/v2\/users\/4"}],"replies":[{"embeddable":true,"href":"https:\/\/eldiariodesanpedro.com.ar\/sitio\/wp-json\/wp\/v2\/comments?post=79755"}],"version-history":[{"count":3,"href":"https:\/\/eldiariodesanpedro.com.ar\/sitio\/wp-json\/wp\/v2\/posts\/79755\/revisions"}],"predecessor-version":[{"id":79773,"href":"https:\/\/eldiariodesanpedro.com.ar\/sitio\/wp-json\/wp\/v2\/posts\/79755\/revisions\/79773"}],"wp:featuredmedia":[{"embeddable":true,"href":"https:\/\/eldiariodesanpedro.com.ar\/sitio\/wp-json\/wp\/v2\/media\/79756"}],"wp:attachment":[{"href":"https:\/\/eldiariodesanpedro.com.ar\/sitio\/wp-json\/wp\/v2\/media?parent=79755"}],"wp:term":[{"taxonomy":"category","embeddable":true,"href":"https:\/\/eldiariodesanpedro.com.ar\/sitio\/wp-json\/wp\/v2\/categories?post=79755"},{"taxonomy":"post_tag","embeddable":true,"href":"https:\/\/eldiariodesanpedro.com.ar\/sitio\/wp-json\/wp\/v2\/tags?post=79755"}],"curies":[{"name":"wp","href":"https:\/\/api.w.org\/{rel}","templated":true}]}}