{"id":79747,"date":"2020-08-21T13:17:24","date_gmt":"2020-08-21T16:17:24","guid":{"rendered":"https:\/\/eldiariodesanpedro.com.ar\/sitio\/?p=79747"},"modified":"2020-08-21T13:17:28","modified_gmt":"2020-08-21T16:17:28","slug":"denuncia-por-amenazas-telefonicas","status":"publish","type":"post","link":"https:\/\/eldiariodesanpedro.com.ar\/sitio\/denuncia-por-amenazas-telefonicas\/","title":{"rendered":"Denuncia por amenazas telefonicas"},"content":{"rendered":"<!-- VideographyWP Plugin Message: Automatic video embedding prevented by plugin options. -->\n\n<p>Este jueves se recibi\u00f3 en la comisar\u00eda local la denuncia de un ciudadano de 30 a\u00f1os, que desde hace un mes est\u00e1 recibiendo llamadas y mensajes v\u00eda WhatsApp, por parte de un supuesto estudio jur\u00eddico, que estas personas le exigen que haga dep\u00f3sitos de dinero a la brevedad, que en su defecto pagar\u00e1 las consecuencias.<\/p>\n\n\n\n<p>Se investiga con intervenci\u00f3n de la fiscal\u00eda en turno local&nbsp;<\/p>\n","protected":false},"excerpt":{"rendered":"<p>Este jueves se recibi\u00f3 en la comisar\u00eda local la denuncia de un ciudadano de 30 a\u00f1os, que desde hace un mes est\u00e1 recibiendo llamadas y mensajes v\u00eda WhatsApp, por parte de un supuesto estudio jur\u00eddico, que estas personas le exigen que haga dep\u00f3sitos de dinero a la brevedad, que en su defecto pagar\u00e1 las consecuencias. [&hellip;]<\/p>\n","protected":false},"author":4,"featured_media":45394,"comment_status":"open","ping_status":"closed","sticky":false,"template":"","format":"standard","meta":{"om_disable_all_campaigns":false,"_jetpack_memberships_contains_paid_content":false,"footnotes":""},"categories":[2,103],"tags":[197,33,752],"class_list":["post-79747","post","type-post","status-publish","format-standard","has-post-thumbnail","hentry","category-locales","category-policiales-locales","tag-buenos-aires","tag-locales","tag-policailes"],"aioseo_notices":[],"gutentor_comment":0,"jetpack_featured_media_url":"https:\/\/eldiariodesanpedro.com.ar\/sitio\/wp-content\/uploads\/2019\/01\/comisaria.jpg","jetpack_shortlink":"https:\/\/wp.me\/p6RhLt-kKf","jetpack_sharing_enabled":true,"_links":{"self":[{"href":"https:\/\/eldiariodesanpedro.com.ar\/sitio\/wp-json\/wp\/v2\/posts\/79747","targetHints":{"allow":["GET"]}}],"collection":[{"href":"https:\/\/eldiariodesanpedro.com.ar\/sitio\/wp-json\/wp\/v2\/posts"}],"about":[{"href":"https:\/\/eldiariodesanpedro.com.ar\/sitio\/wp-json\/wp\/v2\/types\/post"}],"author":[{"embeddable":true,"href":"https:\/\/eldiariodesanpedro.com.ar\/sitio\/wp-json\/wp\/v2\/users\/4"}],"replies":[{"embeddable":true,"href":"https:\/\/eldiariodesanpedro.com.ar\/sitio\/wp-json\/wp\/v2\/comments?post=79747"}],"version-history":[{"count":1,"href":"https:\/\/eldiariodesanpedro.com.ar\/sitio\/wp-json\/wp\/v2\/posts\/79747\/revisions"}],"predecessor-version":[{"id":79748,"href":"https:\/\/eldiariodesanpedro.com.ar\/sitio\/wp-json\/wp\/v2\/posts\/79747\/revisions\/79748"}],"wp:featuredmedia":[{"embeddable":true,"href":"https:\/\/eldiariodesanpedro.com.ar\/sitio\/wp-json\/wp\/v2\/media\/45394"}],"wp:attachment":[{"href":"https:\/\/eldiariodesanpedro.com.ar\/sitio\/wp-json\/wp\/v2\/media?parent=79747"}],"wp:term":[{"taxonomy":"category","embeddable":true,"href":"https:\/\/eldiariodesanpedro.com.ar\/sitio\/wp-json\/wp\/v2\/categories?post=79747"},{"taxonomy":"post_tag","embeddable":true,"href":"https:\/\/eldiariodesanpedro.com.ar\/sitio\/wp-json\/wp\/v2\/tags?post=79747"}],"curies":[{"name":"wp","href":"https:\/\/api.w.org\/{rel}","templated":true}]}}