{"id":79744,"date":"2020-08-21T13:14:18","date_gmt":"2020-08-21T16:14:18","guid":{"rendered":"https:\/\/eldiariodesanpedro.com.ar\/sitio\/?p=79744"},"modified":"2020-08-21T13:14:21","modified_gmt":"2020-08-21T16:14:21","slug":"la-madre-de-un-detenido-trato-de-ingresar-psicofarmacos-escondidas-dentro-de-alimentos","status":"publish","type":"post","link":"https:\/\/eldiariodesanpedro.com.ar\/sitio\/la-madre-de-un-detenido-trato-de-ingresar-psicofarmacos-escondidas-dentro-de-alimentos\/","title":{"rendered":"La madre de un detenido trat\u00f3 de ingresar psicof\u00e1rmacos escondidas dentro de alimentos"},"content":{"rendered":"<!-- VideographyWP Plugin Message: Automatic video embedding prevented by plugin options. -->\n\n<p>Este jueves en horas del mediod\u00eda el personal policial de guardia de la comisar\u00eda, procede a demorar a femenina 47 a\u00f1os, quien intenta suministrar en interior de alimentos 30 pastillas de psicof\u00e1rmacos a su hijo\u00a0 que se encuentra detenido en la comisar\u00eda local.<\/p>\n","protected":false},"excerpt":{"rendered":"<p>Este jueves en horas del mediod\u00eda el personal policial de guardia de la comisar\u00eda, procede a demorar a femenina 47 a\u00f1os, quien intenta suministrar en interior de alimentos 30 pastillas de psicof\u00e1rmacos a su hijo\u00a0 que se encuentra detenido en la comisar\u00eda local.<\/p>\n","protected":false},"author":4,"featured_media":79745,"comment_status":"open","ping_status":"closed","sticky":false,"template":"","format":"standard","meta":{"om_disable_all_campaigns":false,"_jetpack_memberships_contains_paid_content":false,"footnotes":""},"categories":[2,103],"tags":[197,33,752],"class_list":["post-79744","post","type-post","status-publish","format-standard","has-post-thumbnail","hentry","category-locales","category-policiales-locales","tag-buenos-aires","tag-locales","tag-policailes"],"aioseo_notices":[],"gutentor_comment":0,"jetpack_featured_media_url":"https:\/\/eldiariodesanpedro.com.ar\/sitio\/wp-content\/uploads\/2020\/08\/WhatsApp-Image-2020-08-21-at-12.43.13.jpeg","jetpack_shortlink":"https:\/\/wp.me\/p6RhLt-kKc","jetpack_sharing_enabled":true,"_links":{"self":[{"href":"https:\/\/eldiariodesanpedro.com.ar\/sitio\/wp-json\/wp\/v2\/posts\/79744","targetHints":{"allow":["GET"]}}],"collection":[{"href":"https:\/\/eldiariodesanpedro.com.ar\/sitio\/wp-json\/wp\/v2\/posts"}],"about":[{"href":"https:\/\/eldiariodesanpedro.com.ar\/sitio\/wp-json\/wp\/v2\/types\/post"}],"author":[{"embeddable":true,"href":"https:\/\/eldiariodesanpedro.com.ar\/sitio\/wp-json\/wp\/v2\/users\/4"}],"replies":[{"embeddable":true,"href":"https:\/\/eldiariodesanpedro.com.ar\/sitio\/wp-json\/wp\/v2\/comments?post=79744"}],"version-history":[{"count":1,"href":"https:\/\/eldiariodesanpedro.com.ar\/sitio\/wp-json\/wp\/v2\/posts\/79744\/revisions"}],"predecessor-version":[{"id":79746,"href":"https:\/\/eldiariodesanpedro.com.ar\/sitio\/wp-json\/wp\/v2\/posts\/79744\/revisions\/79746"}],"wp:featuredmedia":[{"embeddable":true,"href":"https:\/\/eldiariodesanpedro.com.ar\/sitio\/wp-json\/wp\/v2\/media\/79745"}],"wp:attachment":[{"href":"https:\/\/eldiariodesanpedro.com.ar\/sitio\/wp-json\/wp\/v2\/media?parent=79744"}],"wp:term":[{"taxonomy":"category","embeddable":true,"href":"https:\/\/eldiariodesanpedro.com.ar\/sitio\/wp-json\/wp\/v2\/categories?post=79744"},{"taxonomy":"post_tag","embeddable":true,"href":"https:\/\/eldiariodesanpedro.com.ar\/sitio\/wp-json\/wp\/v2\/tags?post=79744"}],"curies":[{"name":"wp","href":"https:\/\/api.w.org\/{rel}","templated":true}]}}