{"id":79732,"date":"2020-08-21T12:56:46","date_gmt":"2020-08-21T15:56:46","guid":{"rendered":"https:\/\/eldiariodesanpedro.com.ar\/sitio\/?p=79732"},"modified":"2020-08-21T12:56:47","modified_gmt":"2020-08-21T15:56:47","slug":"secuestran-motocicleta-con-pedido-de-secuestro","status":"publish","type":"post","link":"https:\/\/eldiariodesanpedro.com.ar\/sitio\/secuestran-motocicleta-con-pedido-de-secuestro\/","title":{"rendered":"Secuestran motocicleta con pedido de secuestro"},"content":{"rendered":"<!-- VideographyWP Plugin Message: Automatic video embedding prevented by plugin options. -->\n\n<p>El personal del Gabinete Criminol\u00f3gico de la comisar\u00eda en calle Benefactora Sampedrina 1600 en la v\u00eda p\u00fablica, identifica masculino de 19 a\u00f1os, movilizado en motocicleta 110 cc se certifica a trav\u00e9s de la red inform\u00e1tica de esta Polic\u00eda que el rodado registra pedido de secuestro activo por \u201churto\u201d a requerimiento Fiscal\u00eda local- respecto al conductor de la moto, un masculino de 19 a\u00f1os de edad, se cumplieron recaudos legales, imputado del delito de encubrimiento.<\/p>\n","protected":false},"excerpt":{"rendered":"<p>El personal del Gabinete Criminol\u00f3gico de la comisar\u00eda en calle Benefactora Sampedrina 1600 en la v\u00eda p\u00fablica, identifica masculino de 19 a\u00f1os, movilizado en motocicleta 110 cc se certifica a trav\u00e9s de la red inform\u00e1tica de esta Polic\u00eda que el rodado registra pedido de secuestro activo por \u201churto\u201d a requerimiento Fiscal\u00eda local- respecto al conductor [&hellip;]<\/p>\n","protected":false},"author":4,"featured_media":79733,"comment_status":"open","ping_status":"closed","sticky":false,"template":"","format":"standard","meta":{"om_disable_all_campaigns":false,"_jetpack_memberships_contains_paid_content":false,"footnotes":""},"categories":[2,103],"tags":[197,696,33,752],"class_list":["post-79732","post","type-post","status-publish","format-standard","has-post-thumbnail","hentry","category-locales","category-policiales-locales","tag-buenos-aires","tag-interes-general","tag-locales","tag-policailes"],"aioseo_notices":[],"gutentor_comment":0,"jetpack_featured_media_url":"https:\/\/eldiariodesanpedro.com.ar\/sitio\/wp-content\/uploads\/2020\/08\/WhatsApp-Image-2020-08-21-at-12.43.02.jpeg","jetpack_shortlink":"https:\/\/wp.me\/p6RhLt-kK0","jetpack_sharing_enabled":true,"_links":{"self":[{"href":"https:\/\/eldiariodesanpedro.com.ar\/sitio\/wp-json\/wp\/v2\/posts\/79732","targetHints":{"allow":["GET"]}}],"collection":[{"href":"https:\/\/eldiariodesanpedro.com.ar\/sitio\/wp-json\/wp\/v2\/posts"}],"about":[{"href":"https:\/\/eldiariodesanpedro.com.ar\/sitio\/wp-json\/wp\/v2\/types\/post"}],"author":[{"embeddable":true,"href":"https:\/\/eldiariodesanpedro.com.ar\/sitio\/wp-json\/wp\/v2\/users\/4"}],"replies":[{"embeddable":true,"href":"https:\/\/eldiariodesanpedro.com.ar\/sitio\/wp-json\/wp\/v2\/comments?post=79732"}],"version-history":[{"count":1,"href":"https:\/\/eldiariodesanpedro.com.ar\/sitio\/wp-json\/wp\/v2\/posts\/79732\/revisions"}],"predecessor-version":[{"id":79734,"href":"https:\/\/eldiariodesanpedro.com.ar\/sitio\/wp-json\/wp\/v2\/posts\/79732\/revisions\/79734"}],"wp:featuredmedia":[{"embeddable":true,"href":"https:\/\/eldiariodesanpedro.com.ar\/sitio\/wp-json\/wp\/v2\/media\/79733"}],"wp:attachment":[{"href":"https:\/\/eldiariodesanpedro.com.ar\/sitio\/wp-json\/wp\/v2\/media?parent=79732"}],"wp:term":[{"taxonomy":"category","embeddable":true,"href":"https:\/\/eldiariodesanpedro.com.ar\/sitio\/wp-json\/wp\/v2\/categories?post=79732"},{"taxonomy":"post_tag","embeddable":true,"href":"https:\/\/eldiariodesanpedro.com.ar\/sitio\/wp-json\/wp\/v2\/tags?post=79732"}],"curies":[{"name":"wp","href":"https:\/\/api.w.org\/{rel}","templated":true}]}}