{"id":79729,"date":"2020-08-21T12:43:24","date_gmt":"2020-08-21T15:43:24","guid":{"rendered":"https:\/\/eldiariodesanpedro.com.ar\/sitio\/?p=79729"},"modified":"2020-08-21T12:43:29","modified_gmt":"2020-08-21T15:43:29","slug":"licitacion-a-traves-de-zoom-para-la-compra-de-un-motocompresor","status":"publish","type":"post","link":"https:\/\/eldiariodesanpedro.com.ar\/sitio\/licitacion-a-traves-de-zoom-para-la-compra-de-un-motocompresor\/","title":{"rendered":"Licitaci\u00f3n a trav\u00e9s de Zoom para la compra de un motocompresor"},"content":{"rendered":"<!-- VideographyWP Plugin Message: Automatic video embedding prevented by plugin options. -->\n\n<p>La Municipalidad de San Pedro informa que esta ma\u00f1ana se procedi\u00f3 a la apertura de sobres para ingresar formalmente las propuestas presentadas ante el llamado a licitaci\u00f3n para la adjudicaci\u00f3n de un motocompresor destinado a las tareas realizadas por personal de Obras P\u00fablicas.A trav\u00e9s de Zoom, en la oficina del Secretario de Econom\u00eda y Hacienda, Fabi\u00e1n Rodr\u00edguez, quien particip\u00f3 de forma remota, se registraron los expedientes presentados por las empresas.A partir de este acto, se abre el proceso habitual de an\u00e1lisis de cada una de las ofertas para cumplir con la adjudicaci\u00f3n en los pr\u00f3ximos d\u00edas. En el acto participaron tambi\u00e9n el Director de Modernizaci\u00f3n Hern\u00e1n Contreras, la Contadora Municipal Celina Yacucci, la Jefa de Compras Gloria Gonz\u00e1lez y la Dra. Luisa Garc\u00eda de Asesor\u00eda Letrada.<\/p>\n","protected":false},"excerpt":{"rendered":"<p>La Municipalidad de San Pedro informa que esta ma\u00f1ana se procedi\u00f3 a la apertura de sobres para ingresar formalmente las propuestas presentadas ante el llamado a licitaci\u00f3n para la adjudicaci\u00f3n de un motocompresor destinado a las tareas realizadas por personal de Obras P\u00fablicas.A trav\u00e9s de Zoom, en la oficina del Secretario de Econom\u00eda y Hacienda, [&hellip;]<\/p>\n","protected":false},"author":4,"featured_media":79730,"comment_status":"open","ping_status":"closed","sticky":false,"template":"","format":"standard","meta":{"om_disable_all_campaigns":false,"_jetpack_memberships_contains_paid_content":false,"footnotes":""},"categories":[101,2],"tags":[197,696,33],"class_list":["post-79729","post","type-post","status-publish","format-standard","has-post-thumbnail","hentry","category-interes-general-locales","category-locales","tag-buenos-aires","tag-interes-general","tag-locales"],"aioseo_notices":[],"gutentor_comment":0,"jetpack_featured_media_url":"https:\/\/eldiariodesanpedro.com.ar\/sitio\/wp-content\/uploads\/2020\/08\/118080348_3247773918650594_131076239969135962_o.jpg","jetpack_shortlink":"https:\/\/wp.me\/p6RhLt-kJX","jetpack_sharing_enabled":true,"_links":{"self":[{"href":"https:\/\/eldiariodesanpedro.com.ar\/sitio\/wp-json\/wp\/v2\/posts\/79729","targetHints":{"allow":["GET"]}}],"collection":[{"href":"https:\/\/eldiariodesanpedro.com.ar\/sitio\/wp-json\/wp\/v2\/posts"}],"about":[{"href":"https:\/\/eldiariodesanpedro.com.ar\/sitio\/wp-json\/wp\/v2\/types\/post"}],"author":[{"embeddable":true,"href":"https:\/\/eldiariodesanpedro.com.ar\/sitio\/wp-json\/wp\/v2\/users\/4"}],"replies":[{"embeddable":true,"href":"https:\/\/eldiariodesanpedro.com.ar\/sitio\/wp-json\/wp\/v2\/comments?post=79729"}],"version-history":[{"count":1,"href":"https:\/\/eldiariodesanpedro.com.ar\/sitio\/wp-json\/wp\/v2\/posts\/79729\/revisions"}],"predecessor-version":[{"id":79731,"href":"https:\/\/eldiariodesanpedro.com.ar\/sitio\/wp-json\/wp\/v2\/posts\/79729\/revisions\/79731"}],"wp:featuredmedia":[{"embeddable":true,"href":"https:\/\/eldiariodesanpedro.com.ar\/sitio\/wp-json\/wp\/v2\/media\/79730"}],"wp:attachment":[{"href":"https:\/\/eldiariodesanpedro.com.ar\/sitio\/wp-json\/wp\/v2\/media?parent=79729"}],"wp:term":[{"taxonomy":"category","embeddable":true,"href":"https:\/\/eldiariodesanpedro.com.ar\/sitio\/wp-json\/wp\/v2\/categories?post=79729"},{"taxonomy":"post_tag","embeddable":true,"href":"https:\/\/eldiariodesanpedro.com.ar\/sitio\/wp-json\/wp\/v2\/tags?post=79729"}],"curies":[{"name":"wp","href":"https:\/\/api.w.org\/{rel}","templated":true}]}}