{"id":79725,"date":"2020-08-21T09:42:43","date_gmt":"2020-08-21T12:42:43","guid":{"rendered":"https:\/\/eldiariodesanpedro.com.ar\/sitio\/?p=79725"},"modified":"2020-08-21T09:42:47","modified_gmt":"2020-08-21T12:42:47","slug":"dos-vehiculos-incendiados-en-la-madrugada-de-hoy","status":"publish","type":"post","link":"https:\/\/eldiariodesanpedro.com.ar\/sitio\/dos-vehiculos-incendiados-en-la-madrugada-de-hoy\/","title":{"rendered":"Dos veh\u00edculos incendiados en la madrugada de hoy"},"content":{"rendered":"<!-- VideographyWP Plugin Message: Automatic video embedding prevented by plugin options. -->\n\n<p>Durante la hora de la madrugada se informo por parte de Bomberos voluntarios el incendio de dos autom\u00f3viles estacionados en la v\u00eda publica.<\/p>\n\n\n\n<p>bomberos Voluntarios de San Pedro informaron que esta madrugada por motivos que se tratan de establecer debieron hacerse presente en el incendio de dos autom\u00f3viles estacionados en la v\u00eda publica.<\/p>\n\n\n\n<p>El primero de ellos ocurri\u00f3 en calle Ruffa al 300 alrededor de las 03 hs donde un autom\u00f3vil se encontraba incendiado, el segundo de ellos ocurri\u00f3 en calle Bozzano y Las Provincia alrededor de las 3:30 hs.<\/p>\n\n\n\n<p>Afortunadamente no hubo lesionados.<\/p>\n","protected":false},"excerpt":{"rendered":"<p>Durante la hora de la madrugada se informo por parte de Bomberos voluntarios el incendio de dos autom\u00f3viles estacionados en la v\u00eda publica. bomberos Voluntarios de San Pedro informaron que esta madrugada por motivos que se tratan de establecer debieron hacerse presente en el incendio de dos autom\u00f3viles estacionados en la v\u00eda publica. El primero [&hellip;]<\/p>\n","protected":false},"author":4,"featured_media":77814,"comment_status":"open","ping_status":"closed","sticky":false,"template":"","format":"standard","meta":{"om_disable_all_campaigns":false,"_jetpack_memberships_contains_paid_content":false,"footnotes":""},"categories":[2,103],"tags":[197,696,33,95],"class_list":["post-79725","post","type-post","status-publish","format-standard","has-post-thumbnail","hentry","category-locales","category-policiales-locales","tag-buenos-aires","tag-interes-general","tag-locales","tag-policiales"],"aioseo_notices":[],"gutentor_comment":0,"jetpack_featured_media_url":"https:\/\/eldiariodesanpedro.com.ar\/sitio\/wp-content\/uploads\/2020\/07\/20200715_151438-scaled.jpg","jetpack_shortlink":"https:\/\/wp.me\/p6RhLt-kJT","jetpack_sharing_enabled":true,"_links":{"self":[{"href":"https:\/\/eldiariodesanpedro.com.ar\/sitio\/wp-json\/wp\/v2\/posts\/79725","targetHints":{"allow":["GET"]}}],"collection":[{"href":"https:\/\/eldiariodesanpedro.com.ar\/sitio\/wp-json\/wp\/v2\/posts"}],"about":[{"href":"https:\/\/eldiariodesanpedro.com.ar\/sitio\/wp-json\/wp\/v2\/types\/post"}],"author":[{"embeddable":true,"href":"https:\/\/eldiariodesanpedro.com.ar\/sitio\/wp-json\/wp\/v2\/users\/4"}],"replies":[{"embeddable":true,"href":"https:\/\/eldiariodesanpedro.com.ar\/sitio\/wp-json\/wp\/v2\/comments?post=79725"}],"version-history":[{"count":1,"href":"https:\/\/eldiariodesanpedro.com.ar\/sitio\/wp-json\/wp\/v2\/posts\/79725\/revisions"}],"predecessor-version":[{"id":79726,"href":"https:\/\/eldiariodesanpedro.com.ar\/sitio\/wp-json\/wp\/v2\/posts\/79725\/revisions\/79726"}],"wp:featuredmedia":[{"embeddable":true,"href":"https:\/\/eldiariodesanpedro.com.ar\/sitio\/wp-json\/wp\/v2\/media\/77814"}],"wp:attachment":[{"href":"https:\/\/eldiariodesanpedro.com.ar\/sitio\/wp-json\/wp\/v2\/media?parent=79725"}],"wp:term":[{"taxonomy":"category","embeddable":true,"href":"https:\/\/eldiariodesanpedro.com.ar\/sitio\/wp-json\/wp\/v2\/categories?post=79725"},{"taxonomy":"post_tag","embeddable":true,"href":"https:\/\/eldiariodesanpedro.com.ar\/sitio\/wp-json\/wp\/v2\/tags?post=79725"}],"curies":[{"name":"wp","href":"https:\/\/api.w.org\/{rel}","templated":true}]}}