{"id":79719,"date":"2020-08-20T20:39:42","date_gmt":"2020-08-20T23:39:42","guid":{"rendered":"https:\/\/eldiariodesanpedro.com.ar\/sitio\/?p=79719"},"modified":"2020-08-20T20:39:46","modified_gmt":"2020-08-20T23:39:46","slug":"en-el-dia-de-hoy-se-registran-cuatro-nuevos-casos-positivos","status":"publish","type":"post","link":"https:\/\/eldiariodesanpedro.com.ar\/sitio\/en-el-dia-de-hoy-se-registran-cuatro-nuevos-casos-positivos\/","title":{"rendered":"En el d\u00eda de hoy se registran cuatro nuevos casos positivos"},"content":{"rendered":"<!-- VideographyWP Plugin Message: Automatic video embedding prevented by plugin options. -->\n\n<p>La Secretar\u00eda de Salud de la Municipalidad de San Pedro informa que HASTA EL MOMENTO se recibieron resultados del Instituto Maiztegui y de laboratorios privados sumando 4 (cuatro) muestras positivas en el seguimiento de la Pandemia de Covid-19.<\/p>\n\n\n\n<p><strong>Laboratorios Privados: 2<\/strong><br>El Laboratorio de Sadiv recibi\u00f3 5 (cinco) muestras con 1 (un) resultado positivo correspondiente a un hombre de 37 a\u00f1os, (contacto estrecho con un Covid positivo) y 4 (cuatro) negativos.<br>Adem\u00e1s, se suma 1 (un) caso positivo de un hombre de 42 a\u00f1os, hisopado en empresa automotriz.<\/p>\n\n\n\n<p><strong>Instituto Maiztegui: 2<\/strong><br>De las 43 pendientes del 16 de agosto llegaron 8 (ocho), con 6 (seis) muestras negativas y 2 (dos) positivas.<br>Las positivas corresponden a mujeres de 50 (personal de salud) y 62 a\u00f1os (nexo a determinar).<\/p>\n\n\n\n<p><strong>En el d\u00eda de hoy se report\u00f3 el fallecimiento de un hombre de 66 a\u00f1os internado en Sanatorio Coopser con Covid-19 positivo.<\/strong><\/p>\n\n\n\n<p>Nuevas muestras enviadas: 11 (*)<br>Hoy se enviaron 11 muestras tomadas en el sistema p\u00fablico que ser\u00e1n procesadas por un laboratorio privado.<br>Las mismas corresponden a siete hombres de 29, 32, 34, 37, 44, 50, 54; y cuatro mujeres de 35, 48, 72 y 74 a\u00f1os.<br>(*) Ante la sobrecarga de testeos enviados desde toda la Regi\u00f3n Sanitaria al Instituto Maiztegui, se ha resuelto brindar la opci\u00f3n de efectuar hisopados en el sistema p\u00fablico y remitirlos a un laboratorio privado (con cargo al paciente).<br>Las pr\u00f3ximas muestras enviadas al sistema p\u00fablico ser\u00e1n procesadas por el Instituto Malbr\u00e1n, hasta que el Instituto Maiztegui informe todos los resultados pendientes.<\/p>\n\n\n\n<p>Nuevos Recuperados: 7<br>Tres mujeres de 45, 63 y 65 internadas en el Hogar Sadiv, dos hombres de 48 a\u00f1os empleados de industria alimenticia, un hombre de 46 y uno de 25, sin nexo determinado.<br>Con esta informaci\u00f3n el panel general queda de la siguiente forma:<\/p>\n\n\n\n<p>RESUMEN<br>Nuevas muestras enviadas: 11<br>Muestras Pendientes: 65<br>*11 muestras mixtas<br>Nuevas muestras negativas: 6<br>Nuevos Casos Positivos: 4<br>Total de confirmados: 360<br>Total de casos activos: 80<br>Total de casos recuperados: 267<br>Total de casos fallecidos: 13<br>Total de muestras negativas sistema p\u00fablico: 639<\/p>\n\n\n\n<p>&#x1f449; Usar tapabocas.<br>&#x1f449; Mantener la distancia m\u00ednima de 2 metros.<br>&#x1f449; Extremar la higiene de los espacios.<br>&#x1f449; Mantener las manos limpias.<\/p>\n\n\n\n<p>Se recuerda que, ante s\u00edntomas de tos seca, fiebre y dolor de garganta y la probabilidad de haber estado en contacto con enfermos o viajeros llegados desde las zonas transmisi\u00f3n local o comunitaria se puede llamar al 148 o 107.<\/p>\n\n\n\n<figure class=\"wp-block-image size-large\"><img decoding=\"async\" width=\"1024\" height=\"992\" data-attachment-id=\"79720\" data-permalink=\"https:\/\/eldiariodesanpedro.com.ar\/sitio\/en-el-dia-de-hoy-se-registran-cuatro-nuevos-casos-positivos\/whatsapp-image-2020-08-20-at-20-21-46\/\" data-orig-file=\"https:\/\/eldiariodesanpedro.com.ar\/sitio\/wp-content\/uploads\/2020\/08\/WhatsApp-Image-2020-08-20-at-20.21.46.jpeg\" data-orig-size=\"1280,1240\" data-comments-opened=\"1\" data-image-meta=\"{&quot;aperture&quot;:&quot;0&quot;,&quot;credit&quot;:&quot;&quot;,&quot;camera&quot;:&quot;&quot;,&quot;caption&quot;:&quot;&quot;,&quot;created_timestamp&quot;:&quot;0&quot;,&quot;copyright&quot;:&quot;&quot;,&quot;focal_length&quot;:&quot;0&quot;,&quot;iso&quot;:&quot;0&quot;,&quot;shutter_speed&quot;:&quot;0&quot;,&quot;title&quot;:&quot;&quot;,&quot;orientation&quot;:&quot;0&quot;}\" data-image-title=\"WhatsApp Image 2020-08-20 at 20.21.46\" data-image-description=\"\" data-image-caption=\"\" data-large-file=\"https:\/\/eldiariodesanpedro.com.ar\/sitio\/wp-content\/uploads\/2020\/08\/WhatsApp-Image-2020-08-20-at-20.21.46-1024x992.jpeg\" data-src=\"https:\/\/eldiariodesanpedro.com.ar\/sitio\/wp-content\/uploads\/2020\/08\/WhatsApp-Image-2020-08-20-at-20.21.46-1024x992.jpeg\" alt=\"\" class=\"wp-image-79720 lazyload\" data-srcset=\"https:\/\/eldiariodesanpedro.com.ar\/sitio\/wp-content\/uploads\/2020\/08\/WhatsApp-Image-2020-08-20-at-20.21.46-1024x992.jpeg 1024w, https:\/\/eldiariodesanpedro.com.ar\/sitio\/wp-content\/uploads\/2020\/08\/WhatsApp-Image-2020-08-20-at-20.21.46-300x291.jpeg 300w, https:\/\/eldiariodesanpedro.com.ar\/sitio\/wp-content\/uploads\/2020\/08\/WhatsApp-Image-2020-08-20-at-20.21.46-768x744.jpeg 768w, https:\/\/eldiariodesanpedro.com.ar\/sitio\/wp-content\/uploads\/2020\/08\/WhatsApp-Image-2020-08-20-at-20.21.46.jpeg 1280w\" data-sizes=\"(max-width: 1024px) 100vw, 1024px\" src=\"data:image\/svg+xml;base64,PHN2ZyB3aWR0aD0iMSIgaGVpZ2h0PSIxIiB4bWxucz0iaHR0cDovL3d3dy53My5vcmcvMjAwMC9zdmciPjwvc3ZnPg==\" style=\"--smush-placeholder-width: 1024px; --smush-placeholder-aspect-ratio: 1024\/992;\" \/><\/figure>\n","protected":false},"excerpt":{"rendered":"<p>La Secretar\u00eda de Salud de la Municipalidad de San Pedro informa que HASTA EL MOMENTO se recibieron resultados del Instituto Maiztegui y de laboratorios privados sumando 4 (cuatro) muestras positivas en el seguimiento de la Pandemia de Covid-19. Laboratorios Privados: 2El Laboratorio de Sadiv recibi\u00f3 5 (cinco) muestras con 1 (un) resultado positivo correspondiente a [&hellip;]<\/p>\n","protected":false},"author":4,"featured_media":78783,"comment_status":"open","ping_status":"closed","sticky":false,"template":"","format":"standard","meta":{"om_disable_all_campaigns":false,"_jetpack_memberships_contains_paid_content":false,"footnotes":""},"categories":[50,101,2],"tags":[197,696,33],"class_list":["post-79719","post","type-post","status-publish","format-standard","has-post-thumbnail","hentry","category-destacadas","category-interes-general-locales","category-locales","tag-buenos-aires","tag-interes-general","tag-locales"],"aioseo_notices":[],"gutentor_comment":0,"jetpack_featured_media_url":"https:\/\/eldiariodesanpedro.com.ar\/sitio\/wp-content\/uploads\/2020\/08\/coronavirus-positivo-2.jpg","jetpack_shortlink":"https:\/\/wp.me\/p6RhLt-kJN","jetpack_sharing_enabled":true,"_links":{"self":[{"href":"https:\/\/eldiariodesanpedro.com.ar\/sitio\/wp-json\/wp\/v2\/posts\/79719","targetHints":{"allow":["GET"]}}],"collection":[{"href":"https:\/\/eldiariodesanpedro.com.ar\/sitio\/wp-json\/wp\/v2\/posts"}],"about":[{"href":"https:\/\/eldiariodesanpedro.com.ar\/sitio\/wp-json\/wp\/v2\/types\/post"}],"author":[{"embeddable":true,"href":"https:\/\/eldiariodesanpedro.com.ar\/sitio\/wp-json\/wp\/v2\/users\/4"}],"replies":[{"embeddable":true,"href":"https:\/\/eldiariodesanpedro.com.ar\/sitio\/wp-json\/wp\/v2\/comments?post=79719"}],"version-history":[{"count":1,"href":"https:\/\/eldiariodesanpedro.com.ar\/sitio\/wp-json\/wp\/v2\/posts\/79719\/revisions"}],"predecessor-version":[{"id":79721,"href":"https:\/\/eldiariodesanpedro.com.ar\/sitio\/wp-json\/wp\/v2\/posts\/79719\/revisions\/79721"}],"wp:featuredmedia":[{"embeddable":true,"href":"https:\/\/eldiariodesanpedro.com.ar\/sitio\/wp-json\/wp\/v2\/media\/78783"}],"wp:attachment":[{"href":"https:\/\/eldiariodesanpedro.com.ar\/sitio\/wp-json\/wp\/v2\/media?parent=79719"}],"wp:term":[{"taxonomy":"category","embeddable":true,"href":"https:\/\/eldiariodesanpedro.com.ar\/sitio\/wp-json\/wp\/v2\/categories?post=79719"},{"taxonomy":"post_tag","embeddable":true,"href":"https:\/\/eldiariodesanpedro.com.ar\/sitio\/wp-json\/wp\/v2\/tags?post=79719"}],"curies":[{"name":"wp","href":"https:\/\/api.w.org\/{rel}","templated":true}]}}