{"id":79667,"date":"2020-08-19T19:04:45","date_gmt":"2020-08-19T22:04:45","guid":{"rendered":"https:\/\/eldiariodesanpedro.com.ar\/sitio\/?p=79667"},"modified":"2020-08-19T19:04:48","modified_gmt":"2020-08-19T22:04:48","slug":"arrecifes-el-intendente-dispuso-el-pago-de-las-becas-2020","status":"publish","type":"post","link":"https:\/\/eldiariodesanpedro.com.ar\/sitio\/arrecifes-el-intendente-dispuso-el-pago-de-las-becas-2020\/","title":{"rendered":"ARRECIFES | El intendente  dispuso el pago de las becas 2020"},"content":{"rendered":"<!-- VideographyWP Plugin Message: Automatic video embedding prevented by plugin options. -->\n\n<p>En un a\u00f1o dif\u00edcil por la pandemia del COVID-19, el intendente Javier Olaeta dispuso la continuidad del programa de becas municipales para estudiantes terciarios y universitarios del distrito de Arrecifes.<\/p>\n\n\n\n<p>En esta oportunidad se abonar\u00e1n las becas, correspondientes a los meses de julio y agosto de 2020, a 261 estudiantes que ven\u00edan cursando sus estudios en el ciclo lectivo 2019 y que han continuado su formaci\u00f3n acad\u00e9mica durante el presente a\u00f1o. En los pr\u00f3ximos d\u00edas, se informar\u00e1 el cronograma de pagos de las becas a quienes hayan iniciado sus estudios en el presente a\u00f1o.<\/p>\n\n\n\n<p>En definitiva, en esta primera etapa, y a partir de un importante esfuerzo econ\u00f3mico de esta gesti\u00f3n municipal, se dispone el pago de casi 2 millones de pesos destinados a acompa\u00f1ar el estudio de cientos de j\u00f3venes arrecife\u00f1os.<\/p>\n","protected":false},"excerpt":{"rendered":"<p>En un a\u00f1o dif\u00edcil por la pandemia del COVID-19, el intendente Javier Olaeta dispuso la continuidad del programa de becas municipales para estudiantes terciarios y universitarios del distrito de Arrecifes. En esta oportunidad se abonar\u00e1n las becas, correspondientes a los meses de julio y agosto de 2020, a 261 estudiantes que ven\u00edan cursando sus estudios [&hellip;]<\/p>\n","protected":false},"author":4,"featured_media":79668,"comment_status":"open","ping_status":"closed","sticky":false,"template":"","format":"standard","meta":{"om_disable_all_campaigns":false,"_jetpack_memberships_contains_paid_content":false,"footnotes":""},"categories":[621],"tags":[640,197,681],"class_list":["post-79667","post","type-post","status-publish","format-standard","has-post-thumbnail","hentry","category-regionales","tag-arrecifes","tag-buenos-aires","tag-regionales"],"aioseo_notices":[],"gutentor_comment":0,"jetpack_featured_media_url":"https:\/\/eldiariodesanpedro.com.ar\/sitio\/wp-content\/uploads\/2020\/08\/Becas-estudiantes-Olaeta-717x510-1.jpg","jetpack_shortlink":"https:\/\/wp.me\/p6RhLt-kIX","jetpack_sharing_enabled":true,"_links":{"self":[{"href":"https:\/\/eldiariodesanpedro.com.ar\/sitio\/wp-json\/wp\/v2\/posts\/79667","targetHints":{"allow":["GET"]}}],"collection":[{"href":"https:\/\/eldiariodesanpedro.com.ar\/sitio\/wp-json\/wp\/v2\/posts"}],"about":[{"href":"https:\/\/eldiariodesanpedro.com.ar\/sitio\/wp-json\/wp\/v2\/types\/post"}],"author":[{"embeddable":true,"href":"https:\/\/eldiariodesanpedro.com.ar\/sitio\/wp-json\/wp\/v2\/users\/4"}],"replies":[{"embeddable":true,"href":"https:\/\/eldiariodesanpedro.com.ar\/sitio\/wp-json\/wp\/v2\/comments?post=79667"}],"version-history":[{"count":1,"href":"https:\/\/eldiariodesanpedro.com.ar\/sitio\/wp-json\/wp\/v2\/posts\/79667\/revisions"}],"predecessor-version":[{"id":79669,"href":"https:\/\/eldiariodesanpedro.com.ar\/sitio\/wp-json\/wp\/v2\/posts\/79667\/revisions\/79669"}],"wp:featuredmedia":[{"embeddable":true,"href":"https:\/\/eldiariodesanpedro.com.ar\/sitio\/wp-json\/wp\/v2\/media\/79668"}],"wp:attachment":[{"href":"https:\/\/eldiariodesanpedro.com.ar\/sitio\/wp-json\/wp\/v2\/media?parent=79667"}],"wp:term":[{"taxonomy":"category","embeddable":true,"href":"https:\/\/eldiariodesanpedro.com.ar\/sitio\/wp-json\/wp\/v2\/categories?post=79667"},{"taxonomy":"post_tag","embeddable":true,"href":"https:\/\/eldiariodesanpedro.com.ar\/sitio\/wp-json\/wp\/v2\/tags?post=79667"}],"curies":[{"name":"wp","href":"https:\/\/api.w.org\/{rel}","templated":true}]}}