{"id":79664,"date":"2020-08-19T13:15:18","date_gmt":"2020-08-19T16:15:18","guid":{"rendered":"https:\/\/eldiariodesanpedro.com.ar\/sitio\/?p=79664"},"modified":"2020-08-19T13:15:19","modified_gmt":"2020-08-19T16:15:19","slug":"un-hombre-de-65-anos-que-fue-hisopado-y-esperaba-el-resultado-fallecio-el-dia-de-hoy","status":"publish","type":"post","link":"https:\/\/eldiariodesanpedro.com.ar\/sitio\/un-hombre-de-65-anos-que-fue-hisopado-y-esperaba-el-resultado-fallecio-el-dia-de-hoy\/","title":{"rendered":"Un hombre de 65 a\u00f1os que fue hisopado y esperaba el resultado falleci\u00f3 el d\u00eda de hoy"},"content":{"rendered":"<!-- VideographyWP Plugin Message: Automatic video embedding prevented by plugin options. -->\n\n<p>En la ma\u00f1ana de hoy un hombre de 65 a\u00f1os que recide en la localidad de R\u00edo Tala falleci\u00f3 de un problema card\u00edaco, esta persona se encontraba a la espera de resultado por parte del instituto Maiztegui ya que fue hisopado d\u00edas atr\u00e1s.<\/p>\n\n\n\n<p>En la ma\u00f1ana de este mi\u00e9rcoles alrededor de las 9 hs se hizo presente personal del centro asistencial medico de la localidad de R\u00edo Tala en una vivienda ubicada en zona rural en inmediaciones de la estaci\u00f3n de servios Shell que se encuentra sobre ruta nacional 9 para tratar de reanimar a este ciudadano de 65 a\u00f1os de edad que sufr\u00eda de un problema card\u00edaco.<\/p>\n\n\n\n<p>Lamentablemente los medicos no pudieron hacer nada y el ciudadano perdio la vida.<\/p>\n\n\n\n<p>D\u00edas atr\u00e1s a esta persona se le realizo el hisopado ya que presentaba s\u00edntomas compatibles con covid 19 y que hasta el momento no se recibi\u00f3 el resultado.<\/p>\n","protected":false},"excerpt":{"rendered":"<p>En la ma\u00f1ana de hoy un hombre de 65 a\u00f1os que recide en la localidad de R\u00edo Tala falleci\u00f3 de un problema card\u00edaco, esta persona se encontraba a la espera de resultado por parte del instituto Maiztegui ya que fue hisopado d\u00edas atr\u00e1s. En la ma\u00f1ana de este mi\u00e9rcoles alrededor de las 9 hs se [&hellip;]<\/p>\n","protected":false},"author":4,"featured_media":79665,"comment_status":"open","ping_status":"closed","sticky":false,"template":"","format":"standard","meta":{"om_disable_all_campaigns":false,"_jetpack_memberships_contains_paid_content":false,"footnotes":""},"categories":[50,101,2],"tags":[],"class_list":["post-79664","post","type-post","status-publish","format-standard","has-post-thumbnail","hentry","category-destacadas","category-interes-general-locales","category-locales"],"aioseo_notices":[],"gutentor_comment":0,"jetpack_featured_media_url":"https:\/\/eldiariodesanpedro.com.ar\/sitio\/wp-content\/uploads\/2020\/08\/AMBULANCIA-SAME-EMERGENCIA-2-143972_600x315.jpg","jetpack_shortlink":"https:\/\/wp.me\/p6RhLt-kIU","jetpack_sharing_enabled":true,"_links":{"self":[{"href":"https:\/\/eldiariodesanpedro.com.ar\/sitio\/wp-json\/wp\/v2\/posts\/79664","targetHints":{"allow":["GET"]}}],"collection":[{"href":"https:\/\/eldiariodesanpedro.com.ar\/sitio\/wp-json\/wp\/v2\/posts"}],"about":[{"href":"https:\/\/eldiariodesanpedro.com.ar\/sitio\/wp-json\/wp\/v2\/types\/post"}],"author":[{"embeddable":true,"href":"https:\/\/eldiariodesanpedro.com.ar\/sitio\/wp-json\/wp\/v2\/users\/4"}],"replies":[{"embeddable":true,"href":"https:\/\/eldiariodesanpedro.com.ar\/sitio\/wp-json\/wp\/v2\/comments?post=79664"}],"version-history":[{"count":1,"href":"https:\/\/eldiariodesanpedro.com.ar\/sitio\/wp-json\/wp\/v2\/posts\/79664\/revisions"}],"predecessor-version":[{"id":79666,"href":"https:\/\/eldiariodesanpedro.com.ar\/sitio\/wp-json\/wp\/v2\/posts\/79664\/revisions\/79666"}],"wp:featuredmedia":[{"embeddable":true,"href":"https:\/\/eldiariodesanpedro.com.ar\/sitio\/wp-json\/wp\/v2\/media\/79665"}],"wp:attachment":[{"href":"https:\/\/eldiariodesanpedro.com.ar\/sitio\/wp-json\/wp\/v2\/media?parent=79664"}],"wp:term":[{"taxonomy":"category","embeddable":true,"href":"https:\/\/eldiariodesanpedro.com.ar\/sitio\/wp-json\/wp\/v2\/categories?post=79664"},{"taxonomy":"post_tag","embeddable":true,"href":"https:\/\/eldiariodesanpedro.com.ar\/sitio\/wp-json\/wp\/v2\/tags?post=79664"}],"curies":[{"name":"wp","href":"https:\/\/api.w.org\/{rel}","templated":true}]}}