{"id":79662,"date":"2020-08-19T12:06:51","date_gmt":"2020-08-19T15:06:51","guid":{"rendered":"https:\/\/eldiariodesanpedro.com.ar\/sitio\/?p=79662"},"modified":"2020-08-19T12:06:52","modified_gmt":"2020-08-19T15:06:52","slug":"sancho-recibio-el-alta-medica-pero-seguira-trabajando-unos-dias-mas-desde-su-casa","status":"publish","type":"post","link":"https:\/\/eldiariodesanpedro.com.ar\/sitio\/sancho-recibio-el-alta-medica-pero-seguira-trabajando-unos-dias-mas-desde-su-casa\/","title":{"rendered":"Sancho recibi\u00f3 el alta medica pero seguir\u00e1 trabajando unos d\u00edas mas desde su casa"},"content":{"rendered":"<!-- VideographyWP Plugin Message: Automatic video embedding prevented by plugin options. -->\n\n<p>En la jornada del lunes pasado el Dr. Guillermo Sancho, Secretario de Salud de la Municipalidad recibi\u00f3 el alta medica tras 14 d\u00edas de aislamiento.<\/p>\n\n\n\n<p>El Doctor se encuentra con un buen estado de salud y evolucionando favorablemente tras haber estado aislado desde el lunes 3 de agosto.<\/p>\n\n\n\n<p>Por decisi\u00f3n propia continuara trabajando desde su domicilio, teniendo en cuenta que su esposa se encuentra pasando reci\u00e9n la primera semana de la enfermedad.<\/p>\n\n\n\n<p>Durante una semana mas el funcionario deber\u00e1 permanecer aislado junto a su familia y despu\u00e9s podr\u00e1 regresar a a su actividad laboral cotidiana. <\/p>\n","protected":false},"excerpt":{"rendered":"<p>En la jornada del lunes pasado el Dr. Guillermo Sancho, Secretario de Salud de la Municipalidad recibi\u00f3 el alta medica tras 14 d\u00edas de aislamiento. El Doctor se encuentra con un buen estado de salud y evolucionando favorablemente tras haber estado aislado desde el lunes 3 de agosto. Por decisi\u00f3n propia continuara trabajando desde su [&hellip;]<\/p>\n","protected":false},"author":4,"featured_media":76907,"comment_status":"open","ping_status":"closed","sticky":false,"template":"","format":"standard","meta":{"om_disable_all_campaigns":false,"_jetpack_memberships_contains_paid_content":false,"footnotes":""},"categories":[50,101,2],"tags":[197,808,696,33,1742],"class_list":["post-79662","post","type-post","status-publish","format-standard","has-post-thumbnail","hentry","category-destacadas","category-interes-general-locales","category-locales","tag-buenos-aires","tag-coronavirus","tag-interes-general","tag-locales","tag-sancho"],"aioseo_notices":[],"gutentor_comment":0,"jetpack_featured_media_url":"https:\/\/eldiariodesanpedro.com.ar\/sitio\/wp-content\/uploads\/2020\/06\/WhatsApp-Image-2020-06-29-at-20.38.11.jpeg","jetpack_shortlink":"https:\/\/wp.me\/p6RhLt-kIS","jetpack_sharing_enabled":true,"_links":{"self":[{"href":"https:\/\/eldiariodesanpedro.com.ar\/sitio\/wp-json\/wp\/v2\/posts\/79662","targetHints":{"allow":["GET"]}}],"collection":[{"href":"https:\/\/eldiariodesanpedro.com.ar\/sitio\/wp-json\/wp\/v2\/posts"}],"about":[{"href":"https:\/\/eldiariodesanpedro.com.ar\/sitio\/wp-json\/wp\/v2\/types\/post"}],"author":[{"embeddable":true,"href":"https:\/\/eldiariodesanpedro.com.ar\/sitio\/wp-json\/wp\/v2\/users\/4"}],"replies":[{"embeddable":true,"href":"https:\/\/eldiariodesanpedro.com.ar\/sitio\/wp-json\/wp\/v2\/comments?post=79662"}],"version-history":[{"count":1,"href":"https:\/\/eldiariodesanpedro.com.ar\/sitio\/wp-json\/wp\/v2\/posts\/79662\/revisions"}],"predecessor-version":[{"id":79663,"href":"https:\/\/eldiariodesanpedro.com.ar\/sitio\/wp-json\/wp\/v2\/posts\/79662\/revisions\/79663"}],"wp:featuredmedia":[{"embeddable":true,"href":"https:\/\/eldiariodesanpedro.com.ar\/sitio\/wp-json\/wp\/v2\/media\/76907"}],"wp:attachment":[{"href":"https:\/\/eldiariodesanpedro.com.ar\/sitio\/wp-json\/wp\/v2\/media?parent=79662"}],"wp:term":[{"taxonomy":"category","embeddable":true,"href":"https:\/\/eldiariodesanpedro.com.ar\/sitio\/wp-json\/wp\/v2\/categories?post=79662"},{"taxonomy":"post_tag","embeddable":true,"href":"https:\/\/eldiariodesanpedro.com.ar\/sitio\/wp-json\/wp\/v2\/tags?post=79662"}],"curies":[{"name":"wp","href":"https:\/\/api.w.org\/{rel}","templated":true}]}}