{"id":79654,"date":"2020-08-19T11:43:57","date_gmt":"2020-08-19T14:43:57","guid":{"rendered":"https:\/\/eldiariodesanpedro.com.ar\/sitio\/?p=79654"},"modified":"2020-08-19T11:44:01","modified_gmt":"2020-08-19T14:44:01","slug":"dias-atras-en-santa-lucia-se-realizo-un-sepelio-de-un-nino-por-lo-que-70-personas-fueron-aisladas","status":"publish","type":"post","link":"https:\/\/eldiariodesanpedro.com.ar\/sitio\/dias-atras-en-santa-lucia-se-realizo-un-sepelio-de-un-nino-por-lo-que-70-personas-fueron-aisladas\/","title":{"rendered":"D\u00edas atr\u00e1s en Santa Lucia se realizo un sepelio de un ni\u00f1o por lo que 70 personas fueron aisladas"},"content":{"rendered":"<!-- VideographyWP Plugin Message: Automatic video embedding prevented by plugin options. -->\n\n<p>La mayor\u00eda de los aislados particip\u00f3 de un sepelio hace poco m\u00e1s de una semana en el cementerio de la localidad.<\/p>\n\n\n\n<p>El equipo Covid que se encarga de la situaci\u00f3n sanitaria en la localidad de Santa Luc\u00eda inici\u00f3 un operativo de bloqueo sanitario al detectar un caso positivo hace pocos d\u00edas.<\/p>\n\n\n\n<p>Lo particular del caso es que las tareas dieron inicio luego de que se detectara que el caso positivo diagnosticado a una mujer estaba relacionado con un triste episodio acontecido hace pocas semanas cuando mucha gente concurri\u00f3 a un sepelio que se desarroll\u00f3 en el cementerio de la localidad.<\/p>\n\n\n\n<p>Las autoridades sanitarias identificaron a 70 personas relacionadas con el caso positivo y&nbsp;decidieron hisopar a cinco de estas para descartar o confirmar el cuadro posible. Mientras tanto los operativos continuar\u00e1n en el transcurso de la semana.<\/p>\n\n\n\n<p>El hecho relacionado a esta circunstancia tiene que ver con un episodio acontecido hace tres semanas en un campo de Alsina, partido de Baradero.<\/p>\n\n\n\n<p>Fuente: San Pedro Informa<\/p>\n","protected":false},"excerpt":{"rendered":"<p>La mayor\u00eda de los aislados particip\u00f3 de un sepelio hace poco m\u00e1s de una semana en el cementerio de la localidad. El equipo Covid que se encarga de la situaci\u00f3n sanitaria en la localidad de Santa Luc\u00eda inici\u00f3 un operativo de bloqueo sanitario al detectar un caso positivo hace pocos d\u00edas. Lo particular del caso [&hellip;]<\/p>\n","protected":false},"author":4,"featured_media":77135,"comment_status":"open","ping_status":"closed","sticky":false,"template":"","format":"standard","meta":{"om_disable_all_campaigns":false,"_jetpack_memberships_contains_paid_content":false,"footnotes":""},"categories":[101,2],"tags":[197,696,33],"class_list":["post-79654","post","type-post","status-publish","format-standard","has-post-thumbnail","hentry","category-interes-general-locales","category-locales","tag-buenos-aires","tag-interes-general","tag-locales"],"aioseo_notices":[],"gutentor_comment":0,"jetpack_featured_media_url":"https:\/\/eldiariodesanpedro.com.ar\/sitio\/wp-content\/uploads\/2020\/07\/000085153.jpg","jetpack_shortlink":"https:\/\/wp.me\/p6RhLt-kIK","jetpack_sharing_enabled":true,"_links":{"self":[{"href":"https:\/\/eldiariodesanpedro.com.ar\/sitio\/wp-json\/wp\/v2\/posts\/79654","targetHints":{"allow":["GET"]}}],"collection":[{"href":"https:\/\/eldiariodesanpedro.com.ar\/sitio\/wp-json\/wp\/v2\/posts"}],"about":[{"href":"https:\/\/eldiariodesanpedro.com.ar\/sitio\/wp-json\/wp\/v2\/types\/post"}],"author":[{"embeddable":true,"href":"https:\/\/eldiariodesanpedro.com.ar\/sitio\/wp-json\/wp\/v2\/users\/4"}],"replies":[{"embeddable":true,"href":"https:\/\/eldiariodesanpedro.com.ar\/sitio\/wp-json\/wp\/v2\/comments?post=79654"}],"version-history":[{"count":2,"href":"https:\/\/eldiariodesanpedro.com.ar\/sitio\/wp-json\/wp\/v2\/posts\/79654\/revisions"}],"predecessor-version":[{"id":79661,"href":"https:\/\/eldiariodesanpedro.com.ar\/sitio\/wp-json\/wp\/v2\/posts\/79654\/revisions\/79661"}],"wp:featuredmedia":[{"embeddable":true,"href":"https:\/\/eldiariodesanpedro.com.ar\/sitio\/wp-json\/wp\/v2\/media\/77135"}],"wp:attachment":[{"href":"https:\/\/eldiariodesanpedro.com.ar\/sitio\/wp-json\/wp\/v2\/media?parent=79654"}],"wp:term":[{"taxonomy":"category","embeddable":true,"href":"https:\/\/eldiariodesanpedro.com.ar\/sitio\/wp-json\/wp\/v2\/categories?post=79654"},{"taxonomy":"post_tag","embeddable":true,"href":"https:\/\/eldiariodesanpedro.com.ar\/sitio\/wp-json\/wp\/v2\/tags?post=79654"}],"curies":[{"name":"wp","href":"https:\/\/api.w.org\/{rel}","templated":true}]}}