{"id":79537,"date":"2020-08-15T12:08:20","date_gmt":"2020-08-15T15:08:20","guid":{"rendered":"https:\/\/eldiariodesanpedro.com.ar\/sitio\/?p=79537"},"modified":"2020-08-15T12:08:24","modified_gmt":"2020-08-15T15:08:24","slug":"secuestro-de-motos-en-operativos-de-transito","status":"publish","type":"post","link":"https:\/\/eldiariodesanpedro.com.ar\/sitio\/secuestro-de-motos-en-operativos-de-transito\/","title":{"rendered":"Secuestro de motos en operativos de transito"},"content":{"rendered":"<!-- VideographyWP Plugin Message: Automatic video embedding prevented by plugin options. -->\n\n<p>Contin\u00faan los operativos por parte de la Direcci\u00f3n de Tr\u00e1nsito y Nocturnidad a cargo de Luis Caramun, con el apoyo de efectivos de&nbsp; la comisar\u00eda local.<\/p>\n\n\n\n<p>En la zona c\u00e9ntrica de la ciudad se realizaron operativos de tr\u00e1nsito donde justamente se secuestraron cuatro motocicletas a personas que carec\u00edan de la documentaci\u00f3n obligatoria para circular.<\/p>\n\n\n\n<p>En lo que va de la semana se llevan secuestradas m\u00e1s de 20 motos que se encuentran guardadas en el dep\u00f3sito municipal.<\/p>\n","protected":false},"excerpt":{"rendered":"<p>Contin\u00faan los operativos por parte de la Direcci\u00f3n de Tr\u00e1nsito y Nocturnidad a cargo de Luis Caramun, con el apoyo de efectivos de&nbsp; la comisar\u00eda local. En la zona c\u00e9ntrica de la ciudad se realizaron operativos de tr\u00e1nsito donde justamente se secuestraron cuatro motocicletas a personas que carec\u00edan de la documentaci\u00f3n obligatoria para circular. En [&hellip;]<\/p>\n","protected":false},"author":4,"featured_media":79489,"comment_status":"open","ping_status":"closed","sticky":false,"template":"","format":"standard","meta":{"om_disable_all_campaigns":false,"_jetpack_memberships_contains_paid_content":false,"footnotes":""},"categories":[101,2],"tags":[197,1737,33,592,752],"class_list":["post-79537","post","type-post","status-publish","format-standard","has-post-thumbnail","hentry","category-interes-general-locales","category-locales","tag-buenos-aires","tag-discusion-de-transito","tag-locales","tag-operativo","tag-policailes"],"aioseo_notices":[],"gutentor_comment":0,"jetpack_featured_media_url":"https:\/\/eldiariodesanpedro.com.ar\/sitio\/wp-content\/uploads\/2020\/08\/WhatsApp-Image-2020-08-14-at-10.45.13.jpeg","jetpack_shortlink":"https:\/\/wp.me\/p6RhLt-kGR","jetpack_sharing_enabled":true,"_links":{"self":[{"href":"https:\/\/eldiariodesanpedro.com.ar\/sitio\/wp-json\/wp\/v2\/posts\/79537","targetHints":{"allow":["GET"]}}],"collection":[{"href":"https:\/\/eldiariodesanpedro.com.ar\/sitio\/wp-json\/wp\/v2\/posts"}],"about":[{"href":"https:\/\/eldiariodesanpedro.com.ar\/sitio\/wp-json\/wp\/v2\/types\/post"}],"author":[{"embeddable":true,"href":"https:\/\/eldiariodesanpedro.com.ar\/sitio\/wp-json\/wp\/v2\/users\/4"}],"replies":[{"embeddable":true,"href":"https:\/\/eldiariodesanpedro.com.ar\/sitio\/wp-json\/wp\/v2\/comments?post=79537"}],"version-history":[{"count":1,"href":"https:\/\/eldiariodesanpedro.com.ar\/sitio\/wp-json\/wp\/v2\/posts\/79537\/revisions"}],"predecessor-version":[{"id":79538,"href":"https:\/\/eldiariodesanpedro.com.ar\/sitio\/wp-json\/wp\/v2\/posts\/79537\/revisions\/79538"}],"wp:featuredmedia":[{"embeddable":true,"href":"https:\/\/eldiariodesanpedro.com.ar\/sitio\/wp-json\/wp\/v2\/media\/79489"}],"wp:attachment":[{"href":"https:\/\/eldiariodesanpedro.com.ar\/sitio\/wp-json\/wp\/v2\/media?parent=79537"}],"wp:term":[{"taxonomy":"category","embeddable":true,"href":"https:\/\/eldiariodesanpedro.com.ar\/sitio\/wp-json\/wp\/v2\/categories?post=79537"},{"taxonomy":"post_tag","embeddable":true,"href":"https:\/\/eldiariodesanpedro.com.ar\/sitio\/wp-json\/wp\/v2\/tags?post=79537"}],"curies":[{"name":"wp","href":"https:\/\/api.w.org\/{rel}","templated":true}]}}