{"id":79535,"date":"2020-08-15T12:03:04","date_gmt":"2020-08-15T15:03:04","guid":{"rendered":"https:\/\/eldiariodesanpedro.com.ar\/sitio\/?p=79535"},"modified":"2020-08-15T12:03:08","modified_gmt":"2020-08-15T15:03:08","slug":"robaron-una-motocicleta-en-la-via-publica-2","status":"publish","type":"post","link":"https:\/\/eldiariodesanpedro.com.ar\/sitio\/robaron-una-motocicleta-en-la-via-publica-2\/","title":{"rendered":"Robaron una motocicleta en la v\u00eda p\u00fablica"},"content":{"rendered":"<!-- VideographyWP Plugin Message: Automatic video embedding prevented by plugin options. -->\n\n<p>La noche de ayer viernes se recibi\u00f3 una denuncia en la comisar\u00eda local por el hurto de una motocicleta estacionada en la v\u00eda p\u00fablica.<\/p>\n\n\n\n<p>El hecho ocurri\u00f3 en horas de la noche cuando un joven de 17 a\u00f1os de edad dej\u00f3 estacionada la motocicleta en la vereda de su trabajo ubicado en calle Maino al 200 sin colocar medidas de seguridad, al terminar su jornada laboral descubre que su rodado ya no se encontraba en el lugar.<\/p>\n","protected":false},"excerpt":{"rendered":"<p>La noche de ayer viernes se recibi\u00f3 una denuncia en la comisar\u00eda local por el hurto de una motocicleta estacionada en la v\u00eda p\u00fablica. El hecho ocurri\u00f3 en horas de la noche cuando un joven de 17 a\u00f1os de edad dej\u00f3 estacionada la motocicleta en la vereda de su trabajo ubicado en calle Maino al [&hellip;]<\/p>\n","protected":false},"author":4,"featured_media":78774,"comment_status":"open","ping_status":"closed","sticky":false,"template":"","format":"standard","meta":{"om_disable_all_campaigns":false,"_jetpack_memberships_contains_paid_content":false,"footnotes":""},"categories":[2,103],"tags":[197,33,95],"class_list":["post-79535","post","type-post","status-publish","format-standard","has-post-thumbnail","hentry","category-locales","category-policiales-locales","tag-buenos-aires","tag-locales","tag-policiales"],"aioseo_notices":[],"gutentor_comment":0,"jetpack_featured_media_url":"https:\/\/eldiariodesanpedro.com.ar\/sitio\/wp-content\/uploads\/2020\/08\/Policia-de-noche-2014-695x510-1.jpg","jetpack_shortlink":"https:\/\/wp.me\/p6RhLt-kGP","jetpack_sharing_enabled":true,"_links":{"self":[{"href":"https:\/\/eldiariodesanpedro.com.ar\/sitio\/wp-json\/wp\/v2\/posts\/79535","targetHints":{"allow":["GET"]}}],"collection":[{"href":"https:\/\/eldiariodesanpedro.com.ar\/sitio\/wp-json\/wp\/v2\/posts"}],"about":[{"href":"https:\/\/eldiariodesanpedro.com.ar\/sitio\/wp-json\/wp\/v2\/types\/post"}],"author":[{"embeddable":true,"href":"https:\/\/eldiariodesanpedro.com.ar\/sitio\/wp-json\/wp\/v2\/users\/4"}],"replies":[{"embeddable":true,"href":"https:\/\/eldiariodesanpedro.com.ar\/sitio\/wp-json\/wp\/v2\/comments?post=79535"}],"version-history":[{"count":1,"href":"https:\/\/eldiariodesanpedro.com.ar\/sitio\/wp-json\/wp\/v2\/posts\/79535\/revisions"}],"predecessor-version":[{"id":79536,"href":"https:\/\/eldiariodesanpedro.com.ar\/sitio\/wp-json\/wp\/v2\/posts\/79535\/revisions\/79536"}],"wp:featuredmedia":[{"embeddable":true,"href":"https:\/\/eldiariodesanpedro.com.ar\/sitio\/wp-json\/wp\/v2\/media\/78774"}],"wp:attachment":[{"href":"https:\/\/eldiariodesanpedro.com.ar\/sitio\/wp-json\/wp\/v2\/media?parent=79535"}],"wp:term":[{"taxonomy":"category","embeddable":true,"href":"https:\/\/eldiariodesanpedro.com.ar\/sitio\/wp-json\/wp\/v2\/categories?post=79535"},{"taxonomy":"post_tag","embeddable":true,"href":"https:\/\/eldiariodesanpedro.com.ar\/sitio\/wp-json\/wp\/v2\/tags?post=79535"}],"curies":[{"name":"wp","href":"https:\/\/api.w.org\/{rel}","templated":true}]}}