{"id":79533,"date":"2020-08-15T11:54:24","date_gmt":"2020-08-15T14:54:24","guid":{"rendered":"https:\/\/eldiariodesanpedro.com.ar\/sitio\/?p=79533"},"modified":"2020-08-15T11:54:28","modified_gmt":"2020-08-15T14:54:28","slug":"ciudadano-denuncia-amenazas-por-problemas-de-larga-data","status":"publish","type":"post","link":"https:\/\/eldiariodesanpedro.com.ar\/sitio\/ciudadano-denuncia-amenazas-por-problemas-de-larga-data\/","title":{"rendered":"Ciudadano denuncia amenazas por problemas de larga data"},"content":{"rendered":"<!-- VideographyWP Plugin Message: Automatic video embedding prevented by plugin options. -->\n\n<p>En las primeras horas de este s\u00e1bado se hizo presente en la comisar\u00eda local un ciudadano que declara haber sufrido amenazas en su domicilio.<\/p>\n\n\n\n<p>El hecho ocurri\u00f3 este viernes por la noche cuando en una vivienda ubicada en calle Miguel Porta al 1200 dos sujetos se hicieron presentes y comenzaron a golpear la puerta de la casa y profiriendo amenazas contra el denunciante.<\/p>\n","protected":false},"excerpt":{"rendered":"<p>En las primeras horas de este s\u00e1bado se hizo presente en la comisar\u00eda local un ciudadano que declara haber sufrido amenazas en su domicilio. El hecho ocurri\u00f3 este viernes por la noche cuando en una vivienda ubicada en calle Miguel Porta al 1200 dos sujetos se hicieron presentes y comenzaron a golpear la puerta de [&hellip;]<\/p>\n","protected":false},"author":4,"featured_media":78843,"comment_status":"open","ping_status":"closed","sticky":false,"template":"","format":"standard","meta":{"om_disable_all_campaigns":false,"_jetpack_memberships_contains_paid_content":false,"footnotes":""},"categories":[2,103],"tags":[197,33,95],"class_list":["post-79533","post","type-post","status-publish","format-standard","has-post-thumbnail","hentry","category-locales","category-policiales-locales","tag-buenos-aires","tag-locales","tag-policiales"],"aioseo_notices":[],"gutentor_comment":0,"jetpack_featured_media_url":"https:\/\/eldiariodesanpedro.com.ar\/sitio\/wp-content\/uploads\/2020\/08\/0.jpg","jetpack_shortlink":"https:\/\/wp.me\/p6RhLt-kGN","jetpack_sharing_enabled":true,"_links":{"self":[{"href":"https:\/\/eldiariodesanpedro.com.ar\/sitio\/wp-json\/wp\/v2\/posts\/79533","targetHints":{"allow":["GET"]}}],"collection":[{"href":"https:\/\/eldiariodesanpedro.com.ar\/sitio\/wp-json\/wp\/v2\/posts"}],"about":[{"href":"https:\/\/eldiariodesanpedro.com.ar\/sitio\/wp-json\/wp\/v2\/types\/post"}],"author":[{"embeddable":true,"href":"https:\/\/eldiariodesanpedro.com.ar\/sitio\/wp-json\/wp\/v2\/users\/4"}],"replies":[{"embeddable":true,"href":"https:\/\/eldiariodesanpedro.com.ar\/sitio\/wp-json\/wp\/v2\/comments?post=79533"}],"version-history":[{"count":1,"href":"https:\/\/eldiariodesanpedro.com.ar\/sitio\/wp-json\/wp\/v2\/posts\/79533\/revisions"}],"predecessor-version":[{"id":79534,"href":"https:\/\/eldiariodesanpedro.com.ar\/sitio\/wp-json\/wp\/v2\/posts\/79533\/revisions\/79534"}],"wp:featuredmedia":[{"embeddable":true,"href":"https:\/\/eldiariodesanpedro.com.ar\/sitio\/wp-json\/wp\/v2\/media\/78843"}],"wp:attachment":[{"href":"https:\/\/eldiariodesanpedro.com.ar\/sitio\/wp-json\/wp\/v2\/media?parent=79533"}],"wp:term":[{"taxonomy":"category","embeddable":true,"href":"https:\/\/eldiariodesanpedro.com.ar\/sitio\/wp-json\/wp\/v2\/categories?post=79533"},{"taxonomy":"post_tag","embeddable":true,"href":"https:\/\/eldiariodesanpedro.com.ar\/sitio\/wp-json\/wp\/v2\/tags?post=79533"}],"curies":[{"name":"wp","href":"https:\/\/api.w.org\/{rel}","templated":true}]}}