{"id":79529,"date":"2020-08-15T11:40:09","date_gmt":"2020-08-15T14:40:09","guid":{"rendered":"https:\/\/eldiariodesanpedro.com.ar\/sitio\/?p=79529"},"modified":"2020-08-15T11:40:12","modified_gmt":"2020-08-15T14:40:12","slug":"en-zona-centrica-ocurrio-una-rina-entre-dos-mujeres","status":"publish","type":"post","link":"https:\/\/eldiariodesanpedro.com.ar\/sitio\/en-zona-centrica-ocurrio-una-rina-entre-dos-mujeres\/","title":{"rendered":"En zona c\u00e9ntrica ocurri\u00f3 una ri\u00f1a entre dos mujeres"},"content":{"rendered":"<!-- VideographyWP Plugin Message: Automatic video embedding prevented by plugin options. -->\n\n<p>En la tarde de ayer viernes se registr\u00f3 una pelea entre dos mujeres en la v\u00eda p\u00fablica donde debi\u00f3 intervenir la polic\u00eda.<\/p>\n\n\n\n<p>El hecho ocurri\u00f3 en el dia de ayer en calle Pellegrini y Col\u00f3n donde se tuvo que hacer presente un m\u00f3vil policial para la aprehensi\u00f3n de una mujer de 40 a\u00f1os.<\/p>\n\n\n\n<p>La se\u00f1ora tuvo un altercado con otra mujer de 31 a\u00f1os con la que se trenzaron a golpes de pu\u00f1o.<\/p>\n\n\n\n<p>La v\u00edctima sufri\u00f3 lesiones de car\u00e1cter leves.<\/p>\n\n\n\n<p>Tomo intervenci\u00f3n la UFI N\u00ba 11, la imputada cumpli\u00f3 los recaudos legales y posterior libertad.<\/p>\n","protected":false},"excerpt":{"rendered":"<p>En la tarde de ayer viernes se registr\u00f3 una pelea entre dos mujeres en la v\u00eda p\u00fablica donde debi\u00f3 intervenir la polic\u00eda. El hecho ocurri\u00f3 en el dia de ayer en calle Pellegrini y Col\u00f3n donde se tuvo que hacer presente un m\u00f3vil policial para la aprehensi\u00f3n de una mujer de 40 a\u00f1os. La se\u00f1ora [&hellip;]<\/p>\n","protected":false},"author":4,"featured_media":45394,"comment_status":"open","ping_status":"closed","sticky":false,"template":"","format":"standard","meta":{"om_disable_all_campaigns":false,"_jetpack_memberships_contains_paid_content":false,"footnotes":""},"categories":[2,103],"tags":[197,33,95,19],"class_list":["post-79529","post","type-post","status-publish","format-standard","has-post-thumbnail","hentry","category-locales","category-policiales-locales","tag-buenos-aires","tag-locales","tag-policiales","tag-san-pedro"],"aioseo_notices":[],"gutentor_comment":0,"jetpack_featured_media_url":"https:\/\/eldiariodesanpedro.com.ar\/sitio\/wp-content\/uploads\/2019\/01\/comisaria.jpg","jetpack_shortlink":"https:\/\/wp.me\/p6RhLt-kGJ","jetpack_sharing_enabled":true,"_links":{"self":[{"href":"https:\/\/eldiariodesanpedro.com.ar\/sitio\/wp-json\/wp\/v2\/posts\/79529","targetHints":{"allow":["GET"]}}],"collection":[{"href":"https:\/\/eldiariodesanpedro.com.ar\/sitio\/wp-json\/wp\/v2\/posts"}],"about":[{"href":"https:\/\/eldiariodesanpedro.com.ar\/sitio\/wp-json\/wp\/v2\/types\/post"}],"author":[{"embeddable":true,"href":"https:\/\/eldiariodesanpedro.com.ar\/sitio\/wp-json\/wp\/v2\/users\/4"}],"replies":[{"embeddable":true,"href":"https:\/\/eldiariodesanpedro.com.ar\/sitio\/wp-json\/wp\/v2\/comments?post=79529"}],"version-history":[{"count":1,"href":"https:\/\/eldiariodesanpedro.com.ar\/sitio\/wp-json\/wp\/v2\/posts\/79529\/revisions"}],"predecessor-version":[{"id":79530,"href":"https:\/\/eldiariodesanpedro.com.ar\/sitio\/wp-json\/wp\/v2\/posts\/79529\/revisions\/79530"}],"wp:featuredmedia":[{"embeddable":true,"href":"https:\/\/eldiariodesanpedro.com.ar\/sitio\/wp-json\/wp\/v2\/media\/45394"}],"wp:attachment":[{"href":"https:\/\/eldiariodesanpedro.com.ar\/sitio\/wp-json\/wp\/v2\/media?parent=79529"}],"wp:term":[{"taxonomy":"category","embeddable":true,"href":"https:\/\/eldiariodesanpedro.com.ar\/sitio\/wp-json\/wp\/v2\/categories?post=79529"},{"taxonomy":"post_tag","embeddable":true,"href":"https:\/\/eldiariodesanpedro.com.ar\/sitio\/wp-json\/wp\/v2\/tags?post=79529"}],"curies":[{"name":"wp","href":"https:\/\/api.w.org\/{rel}","templated":true}]}}