{"id":79527,"date":"2020-08-15T11:27:50","date_gmt":"2020-08-15T14:27:50","guid":{"rendered":"https:\/\/eldiariodesanpedro.com.ar\/sitio\/?p=79527"},"modified":"2020-08-15T11:27:54","modified_gmt":"2020-08-15T14:27:54","slug":"se-presento-en-la-casa-de-su-ex-con-un-arma-rompio-una-ventana-para-tratar-de-ingresar","status":"publish","type":"post","link":"https:\/\/eldiariodesanpedro.com.ar\/sitio\/se-presento-en-la-casa-de-su-ex-con-un-arma-rompio-una-ventana-para-tratar-de-ingresar\/","title":{"rendered":"Se present\u00f3 en la casa de su ex con un arma, rompi\u00f3 una ventana para tratar de ingresar"},"content":{"rendered":"<!-- VideographyWP Plugin Message: Automatic video embedding prevented by plugin options. -->\n\n<p>Un nuevo caso de violencia familiar se registr\u00f3 en nuestra ciudad donde un hombre atac\u00f3 a su ex pareja amenaz\u00e1ndola con una r\u00e9plica de arma de fuego.<\/p>\n\n\n\n<p>En la noche de este viernes se recibi\u00f3 un llamado al 911 por parte de una mujer de 28 a\u00f1os que manifiesta que su ex pareja se encontraba afuera de su domicilio y rompi\u00f3 una ventana con intenciones de ingresar a la casa.<\/p>\n\n\n\n<p>M\u00f3viles policiales se hicieron presente en la vivienda ubicada en calle Independencia al 2000 donde lograron reducir y aprehender a un joven de 22 a\u00f1os que se encontraba refiriendo amenazas y agrediendo a la mujer.<\/p>\n\n\n\n<p>Adem\u00e1s se le secuestr\u00f3 una r\u00e9plica met\u00e1lica de una pistola que utiliz\u00f3 para intimidar a su v\u00edctima.&nbsp;<\/p>\n\n\n\n<p>El joven permanece alojado en la comisar\u00eda local y la ciudadana realiz\u00f3 la correspondiente denuncia en la Comisaria de al Mujer y la Familia. donde tambi\u00e9n fue asistida psicologicamente.<\/p>\n","protected":false},"excerpt":{"rendered":"<p>Un nuevo caso de violencia familiar se registr\u00f3 en nuestra ciudad donde un hombre atac\u00f3 a su ex pareja amenaz\u00e1ndola con una r\u00e9plica de arma de fuego. En la noche de este viernes se recibi\u00f3 un llamado al 911 por parte de una mujer de 28 a\u00f1os que manifiesta que su ex pareja se encontraba [&hellip;]<\/p>\n","protected":false},"author":4,"featured_media":76961,"comment_status":"open","ping_status":"closed","sticky":false,"template":"","format":"standard","meta":{"om_disable_all_campaigns":false,"_jetpack_memberships_contains_paid_content":false,"footnotes":""},"categories":[50,2,103],"tags":[197,696,33,95,855],"class_list":["post-79527","post","type-post","status-publish","format-standard","has-post-thumbnail","hentry","category-destacadas","category-locales","category-policiales-locales","tag-buenos-aires","tag-interes-general","tag-locales","tag-policiales","tag-violencia-de-genero"],"aioseo_notices":[],"gutentor_comment":0,"jetpack_featured_media_url":"https:\/\/eldiariodesanpedro.com.ar\/sitio\/wp-content\/uploads\/2020\/06\/la-comisaria-de-la-mujer___w9ngJVkEw_1256x620__2-e1593552150710.jpg","jetpack_shortlink":"https:\/\/wp.me\/p6RhLt-kGH","jetpack_sharing_enabled":true,"_links":{"self":[{"href":"https:\/\/eldiariodesanpedro.com.ar\/sitio\/wp-json\/wp\/v2\/posts\/79527","targetHints":{"allow":["GET"]}}],"collection":[{"href":"https:\/\/eldiariodesanpedro.com.ar\/sitio\/wp-json\/wp\/v2\/posts"}],"about":[{"href":"https:\/\/eldiariodesanpedro.com.ar\/sitio\/wp-json\/wp\/v2\/types\/post"}],"author":[{"embeddable":true,"href":"https:\/\/eldiariodesanpedro.com.ar\/sitio\/wp-json\/wp\/v2\/users\/4"}],"replies":[{"embeddable":true,"href":"https:\/\/eldiariodesanpedro.com.ar\/sitio\/wp-json\/wp\/v2\/comments?post=79527"}],"version-history":[{"count":1,"href":"https:\/\/eldiariodesanpedro.com.ar\/sitio\/wp-json\/wp\/v2\/posts\/79527\/revisions"}],"predecessor-version":[{"id":79528,"href":"https:\/\/eldiariodesanpedro.com.ar\/sitio\/wp-json\/wp\/v2\/posts\/79527\/revisions\/79528"}],"wp:featuredmedia":[{"embeddable":true,"href":"https:\/\/eldiariodesanpedro.com.ar\/sitio\/wp-json\/wp\/v2\/media\/76961"}],"wp:attachment":[{"href":"https:\/\/eldiariodesanpedro.com.ar\/sitio\/wp-json\/wp\/v2\/media?parent=79527"}],"wp:term":[{"taxonomy":"category","embeddable":true,"href":"https:\/\/eldiariodesanpedro.com.ar\/sitio\/wp-json\/wp\/v2\/categories?post=79527"},{"taxonomy":"post_tag","embeddable":true,"href":"https:\/\/eldiariodesanpedro.com.ar\/sitio\/wp-json\/wp\/v2\/tags?post=79527"}],"curies":[{"name":"wp","href":"https:\/\/api.w.org\/{rel}","templated":true}]}}