{"id":79522,"date":"2020-08-15T10:18:12","date_gmt":"2020-08-15T13:18:12","guid":{"rendered":"https:\/\/eldiariodesanpedro.com.ar\/sitio\/?p=79522"},"modified":"2020-08-15T10:18:16","modified_gmt":"2020-08-15T13:18:16","slug":"fazio-se-va-a-realizar-en-forma-privada-en-un-predio-que-comprara-la-empresa","status":"publish","type":"post","link":"https:\/\/eldiariodesanpedro.com.ar\/sitio\/fazio-se-va-a-realizar-en-forma-privada-en-un-predio-que-comprara-la-empresa\/","title":{"rendered":"Fazio: \u201cSe va a realizar en forma privada, en un predio que comprar\u00e1 la empresa\u201d"},"content":{"rendered":"<!-- VideographyWP Plugin Message: Automatic video embedding prevented by plugin options. -->\n\n<p>La empresa Cl\u00faster Cann\u00e1bico anunci\u00f3 que el partido de San Pedro fue elegido para desarrollar el primer parque industrial de producci\u00f3n de cannabis medicinal.<\/p>\n\n\n\n<p>La empresa Cl\u00faster Cann\u00e1bico y la Municipalidad de San Pedro firmaron una carta de intenci\u00f3n para desarrollar en forma conjunta el primer Parque Industrial para la Producci\u00f3n Integral del Cannabis y sus derivados. La iniciativa, del tipo p\u00fablico-privado, se inscribe en el marco de la Ley 27.350\/17 y su reglamentaci\u00f3n, que habilita en el pa\u00eds la producci\u00f3n, investigaci\u00f3n cient\u00edfico-medicinal y uso terap\u00e9utico y paliativo de la planta de cannabis.<\/p>\n\n\n\n<p>Pablo Fazio, Presidente del Cl\u00faster Cann\u00e1bico, habl\u00f3 en el aire de FM G\u00e9nesis y cont\u00f3 c\u00f3mo marcha la iniciativa. \u201cEs un proyecto que viene tomando forma desde hace rato\u201d, dijo.<\/p>\n\n\n\n<p>\u201cSe nos hizo bastante sencillo porque el Intendente tiene una visi\u00f3n muy clara y estrat\u00e9gica de la importancia que tiene todo esto en t\u00e9rmino de desarrollo regional, generaci\u00f3n de fuentes de trabajo, de recursos e innovaci\u00f3n y la importancia que tiene para todos el partido\u201d, destac\u00f3.<\/p>\n\n\n\n<p>\u201cNosotros tuvimos trazado el contacto con el Inta pero conforme a que ha ido cambiando la cuesti\u00f3n en la Argentina, se han ido replanteando los marcos regulatorios, respecto a la reglamentaci\u00f3n de la ley y el trabajo que se ha venido haciendo a nivel ministerial las probabilidades son din\u00e1micas\u201d.<\/p>\n\n\n\n<p>\u201cEstamos abocados en elegir la mejor locaci\u00f3n, elecci\u00f3n estrat\u00e9gicamente, algo que nos va a tomar entre tres y seis meses. &nbsp;Esto se va a realizar en forma privada, en un predio que comprar\u00e1 la empresa\u201d, afirm\u00f3.<\/p>\n\n\n\n<p>\u00abLa comunidad sampedrina se ha mostrado muy interesada en este tema desde que comenzamos a plantearlo y existe un gran inter\u00e9s para que se avance, porque son muchos los casos de familias que hoy est\u00e1n encontrando\u00a0 respuestas positivas con este tipo de tratamientos\u00bb, se\u00f1al\u00f3 el Intendente Cecilio Salazar.<\/p>\n\n\n\n<p>Fuente: <a href=\"https:\/\/www.sanpedroinforma.com.ar\/nota\/123579\/sociedad\/produccion-de-cannabis-se-va-a-realizar-en-forma-privada-en-un-predio-que-comprara-la-empresa.html\">San Pedro Informa<\/a><\/p>\n","protected":false},"excerpt":{"rendered":"<p>La empresa Cl\u00faster Cann\u00e1bico anunci\u00f3 que el partido de San Pedro fue elegido para desarrollar el primer parque industrial de producci\u00f3n de cannabis medicinal. La empresa Cl\u00faster Cann\u00e1bico y la Municipalidad de San Pedro firmaron una carta de intenci\u00f3n para desarrollar en forma conjunta el primer Parque Industrial para la Producci\u00f3n Integral del Cannabis y [&hellip;]<\/p>\n","protected":false},"author":4,"featured_media":79523,"comment_status":"open","ping_status":"closed","sticky":false,"template":"","format":"standard","meta":{"om_disable_all_campaigns":false,"_jetpack_memberships_contains_paid_content":false,"footnotes":""},"categories":[101,2],"tags":[197,696,33],"class_list":["post-79522","post","type-post","status-publish","format-standard","has-post-thumbnail","hentry","category-interes-general-locales","category-locales","tag-buenos-aires","tag-interes-general","tag-locales"],"aioseo_notices":[],"gutentor_comment":0,"jetpack_featured_media_url":"https:\/\/eldiariodesanpedro.com.ar\/sitio\/wp-content\/uploads\/2020\/08\/000086307.jpg","jetpack_shortlink":"https:\/\/wp.me\/p6RhLt-kGC","jetpack_sharing_enabled":true,"_links":{"self":[{"href":"https:\/\/eldiariodesanpedro.com.ar\/sitio\/wp-json\/wp\/v2\/posts\/79522","targetHints":{"allow":["GET"]}}],"collection":[{"href":"https:\/\/eldiariodesanpedro.com.ar\/sitio\/wp-json\/wp\/v2\/posts"}],"about":[{"href":"https:\/\/eldiariodesanpedro.com.ar\/sitio\/wp-json\/wp\/v2\/types\/post"}],"author":[{"embeddable":true,"href":"https:\/\/eldiariodesanpedro.com.ar\/sitio\/wp-json\/wp\/v2\/users\/4"}],"replies":[{"embeddable":true,"href":"https:\/\/eldiariodesanpedro.com.ar\/sitio\/wp-json\/wp\/v2\/comments?post=79522"}],"version-history":[{"count":1,"href":"https:\/\/eldiariodesanpedro.com.ar\/sitio\/wp-json\/wp\/v2\/posts\/79522\/revisions"}],"predecessor-version":[{"id":79524,"href":"https:\/\/eldiariodesanpedro.com.ar\/sitio\/wp-json\/wp\/v2\/posts\/79522\/revisions\/79524"}],"wp:featuredmedia":[{"embeddable":true,"href":"https:\/\/eldiariodesanpedro.com.ar\/sitio\/wp-json\/wp\/v2\/media\/79523"}],"wp:attachment":[{"href":"https:\/\/eldiariodesanpedro.com.ar\/sitio\/wp-json\/wp\/v2\/media?parent=79522"}],"wp:term":[{"taxonomy":"category","embeddable":true,"href":"https:\/\/eldiariodesanpedro.com.ar\/sitio\/wp-json\/wp\/v2\/categories?post=79522"},{"taxonomy":"post_tag","embeddable":true,"href":"https:\/\/eldiariodesanpedro.com.ar\/sitio\/wp-json\/wp\/v2\/tags?post=79522"}],"curies":[{"name":"wp","href":"https:\/\/api.w.org\/{rel}","templated":true}]}}