{"id":79519,"date":"2020-08-15T10:14:39","date_gmt":"2020-08-15T13:14:39","guid":{"rendered":"https:\/\/eldiariodesanpedro.com.ar\/sitio\/?p=79519"},"modified":"2020-08-15T10:14:43","modified_gmt":"2020-08-15T13:14:43","slug":"dra-maria-del-valle-viviani-es-un-lindo-desafio","status":"publish","type":"post","link":"https:\/\/eldiariodesanpedro.com.ar\/sitio\/dra-maria-del-valle-viviani-es-un-lindo-desafio\/","title":{"rendered":"Dra. Mar\u00eda del Valle Viviani: \u201cEs un lindo desaf\u00edo\u201d"},"content":{"rendered":"<!-- VideographyWP Plugin Message: Automatic video embedding prevented by plugin options. -->\n\n<p>La flamante titular interina de la Fiscal\u00eda 7 asumi\u00f3 en el cargo y puso en marcha una nueva etapa en la primera dependencia judicial que tuvo la ciudad.<\/p>\n\n\n\n<p>Con la designaci\u00f3n de la Dra. Mar\u00eda del Valle Viviani, despu\u00e9s de cinco a\u00f1os se reactiv\u00f3 la Fiscal\u00eda 7 de nuestra ciudad, la misma dependencia que en alg\u00fan momento dependi\u00f3 de la destituida Gabriela Ates.<\/p>\n\n\n\n<p>El martes jur\u00f3 y el mi\u00e9rcoles ya tom\u00f3 contacto con el personal que tendr\u00e1 a cargo. A la vez brind\u00f3 su primera entrevista a un medio de la ciudad donde no ocult\u00f3 su satisfacci\u00f3n en esta nueva etapa que le toca atravesar como profesional. &nbsp;&nbsp;&nbsp;<\/p>\n\n\n\n<p>\u201cEra un reclamo que ten\u00eda San Pedro y como surgi\u00f3 la posibilidad de ocupar estos cargos decidieron designarme en la fiscal\u00eda\u201d, cont\u00f3 Viviani en el aire de FM G\u00e9nesis.<\/p>\n\n\n\n<p>\u201cLa tematizaci\u00f3n fue decidida en una organizaci\u00f3n interna desde la Secretaria de Pol\u00edtica Criminal\u201d, agreg\u00f3. \u201cEs un lindo desaf\u00edo, lindo para poder investigar. Era un reclamo que se ven\u00eda haciendo desde hace mucho tiempo entonces en esta oportunidad se dio la designaci\u00f3n\u201d.<\/p>\n\n\n\n<p>\u201cEn realidad mi turno es de diez d\u00edas y en ese lapso las causas que ingresen ser\u00e1n asignadas a mi fiscal\u00eda\u201d. \u201cEl mi\u00e9rcoles ya fue mi primer d\u00eda, estuve reunida con mi personal para comenzar a organizarnos\u201d. \u201cYa tengo la lista con la cantidad de causas asignadas\u201d, coment\u00f3.<\/p>\n\n\n\n<p>Con respecto a la distribuci\u00f3n de las oficinas y las comodidades con que cuenta el actual edificio de la fiscal\u00eda, la flamante fiscal dijo: \u201cS\u00e9 que la municipalidad est\u00e1 buscando un nuevo edificio, mientras tanto vamos a seguir trabajando en el mismo lugar\u201d.<\/p>\n\n\n\n<p>\u201cSobre las causas asignadas tengo bastantes, pero tengo que hacer bien el recuento. La fiscal\u00eda ya ten\u00eda sus causas en tr\u00e1mites y debo observarlas causas por causas. Hay otras que me remitieron los otros fiscales por decisi\u00f3n suya\u201d, dijo.<\/p>\n\n\n\n<p>Fuente: <a href=\"https:\/\/www.sanpedroinforma.com.ar\/nota\/123580\/sociedad\/dra-maria-del-valle-viviani-es-un-lindo-desafio.html\">San Pedro Informa<\/a><\/p>\n","protected":false},"excerpt":{"rendered":"<p>La flamante titular interina de la Fiscal\u00eda 7 asumi\u00f3 en el cargo y puso en marcha una nueva etapa en la primera dependencia judicial que tuvo la ciudad. Con la designaci\u00f3n de la Dra. Mar\u00eda del Valle Viviani, despu\u00e9s de cinco a\u00f1os se reactiv\u00f3 la Fiscal\u00eda 7 de nuestra ciudad, la misma dependencia que en [&hellip;]<\/p>\n","protected":false},"author":4,"featured_media":79520,"comment_status":"open","ping_status":"closed","sticky":false,"template":"","format":"standard","meta":{"om_disable_all_campaigns":false,"_jetpack_memberships_contains_paid_content":false,"footnotes":""},"categories":[101,2],"tags":[197,696,33],"class_list":["post-79519","post","type-post","status-publish","format-standard","has-post-thumbnail","hentry","category-interes-general-locales","category-locales","tag-buenos-aires","tag-interes-general","tag-locales"],"aioseo_notices":[],"gutentor_comment":0,"jetpack_featured_media_url":"https:\/\/eldiariodesanpedro.com.ar\/sitio\/wp-content\/uploads\/2020\/08\/000086315.jpg","jetpack_shortlink":"https:\/\/wp.me\/p6RhLt-kGz","jetpack_sharing_enabled":true,"_links":{"self":[{"href":"https:\/\/eldiariodesanpedro.com.ar\/sitio\/wp-json\/wp\/v2\/posts\/79519","targetHints":{"allow":["GET"]}}],"collection":[{"href":"https:\/\/eldiariodesanpedro.com.ar\/sitio\/wp-json\/wp\/v2\/posts"}],"about":[{"href":"https:\/\/eldiariodesanpedro.com.ar\/sitio\/wp-json\/wp\/v2\/types\/post"}],"author":[{"embeddable":true,"href":"https:\/\/eldiariodesanpedro.com.ar\/sitio\/wp-json\/wp\/v2\/users\/4"}],"replies":[{"embeddable":true,"href":"https:\/\/eldiariodesanpedro.com.ar\/sitio\/wp-json\/wp\/v2\/comments?post=79519"}],"version-history":[{"count":1,"href":"https:\/\/eldiariodesanpedro.com.ar\/sitio\/wp-json\/wp\/v2\/posts\/79519\/revisions"}],"predecessor-version":[{"id":79521,"href":"https:\/\/eldiariodesanpedro.com.ar\/sitio\/wp-json\/wp\/v2\/posts\/79519\/revisions\/79521"}],"wp:featuredmedia":[{"embeddable":true,"href":"https:\/\/eldiariodesanpedro.com.ar\/sitio\/wp-json\/wp\/v2\/media\/79520"}],"wp:attachment":[{"href":"https:\/\/eldiariodesanpedro.com.ar\/sitio\/wp-json\/wp\/v2\/media?parent=79519"}],"wp:term":[{"taxonomy":"category","embeddable":true,"href":"https:\/\/eldiariodesanpedro.com.ar\/sitio\/wp-json\/wp\/v2\/categories?post=79519"},{"taxonomy":"post_tag","embeddable":true,"href":"https:\/\/eldiariodesanpedro.com.ar\/sitio\/wp-json\/wp\/v2\/tags?post=79519"}],"curies":[{"name":"wp","href":"https:\/\/api.w.org\/{rel}","templated":true}]}}