{"id":79512,"date":"2020-08-15T10:02:24","date_gmt":"2020-08-15T13:02:24","guid":{"rendered":"https:\/\/eldiariodesanpedro.com.ar\/sitio\/?p=79512"},"modified":"2020-08-15T10:02:27","modified_gmt":"2020-08-15T13:02:27","slug":"anses-la-jubilacion-minima-aumenta-de-16864-a-18129-pesos","status":"publish","type":"post","link":"https:\/\/eldiariodesanpedro.com.ar\/sitio\/anses-la-jubilacion-minima-aumenta-de-16864-a-18129-pesos\/","title":{"rendered":"ANSES: La jubilaci\u00f3n m\u00ednima aumenta de 16864 a 18129 pesos"},"content":{"rendered":"<!-- VideographyWP Plugin Message: Automatic video embedding prevented by plugin options. -->\n\n<p>La ANSES informa que a partir del aumento de 7,5 por ciento de septiembre el acumulado en lo que va del a\u00f1o ser\u00e1 del 28,9 por ciento para las jubilaciones y pensiones m\u00e1s bajas. Eso significa que en el primer semestre del a\u00f1o 2020 el haber m\u00ednimo aument\u00f3, en t\u00e9rminos reales, un 5,5%, recuperando as\u00ed parte de la p\u00e9rdida producida entre septiembre de 2017 y diciembre de 2019 de un 19,5 por ciento.<\/p>\n\n\n\n<p>Con este incremento, alrededor del 85 por ciento de los jubilados y pensionados tendr\u00e1n aumentos en sus haberes por encima de la inflaci\u00f3n.<br>Asimismo, tambi\u00e9n se ven alcanzadas por esta suba las Pensiones No Contributivas (PNC), la Asignaci\u00f3n Universal por Hijo (AUH), la Asignaci\u00f3n Universal por Embarazo (AUE) y las asignaciones familiares.<\/p>\n\n\n\n<p>Cabe destacar las otras medidas aplicadas por el Gobierno Nacional para proteger los ingresos de las personas mayores:<br>\u2022 En los meses de diciembre y enero se otorgaron dos bonos extraordinarios de hasta 5.000 pesos para jubilados y pensionados, esta medida alcanz\u00f3 al 65 por ciento de las y los beneficiarios de m\u00e1s bajos ingresos cubriendo a 4,5 millones de personas.<br>\u2022 A su vez, para morigerar el impacto de la crisis sanitaria y econ\u00f3mica derivada de la Pandemia del COVID-19, en abril de 2020, se asign\u00f3 un bono de hasta 3.000 pesos. Esta medida benefici\u00f3 al 63 por ciento de los jubilados y pensionados de m\u00e1s bajos ingresos alcanzando a m\u00e1s de 4,3 millones de personas.<br>\u2022 Desde diciembre de 2019 se impulsaron otras medidas con impacto indirecto sobre el poder adquisitivo de las y los jubilados, entre ellas se pueden mencionar: el Vadem\u00e9cum de m\u00e1s de 170 medicamentos gratuitos para afiliados del PAMI, siendo que los jubilados y pensionados de los haberes m\u00e1s bajos destinaban el 30 por ciento de sus ingresos a la compra de remedios. De la misma manera se decidi\u00f3 el congelamiento de las tarifas de servicios p\u00fablicos y la suspensi\u00f3n del pago de las cuotas de los cr\u00e9ditos de ANSES.<\/p>\n\n\n\n<figure class=\"wp-block-image size-large\"><img decoding=\"async\" width=\"581\" height=\"385\" data-attachment-id=\"79513\" data-permalink=\"https:\/\/eldiariodesanpedro.com.ar\/sitio\/anses-la-jubilacion-minima-aumenta-de-16864-a-18129-pesos\/image003-2\/\" data-orig-file=\"https:\/\/eldiariodesanpedro.com.ar\/sitio\/wp-content\/uploads\/2020\/08\/image003.png\" data-orig-size=\"581,385\" data-comments-opened=\"1\" data-image-meta=\"{&quot;aperture&quot;:&quot;0&quot;,&quot;credit&quot;:&quot;&quot;,&quot;camera&quot;:&quot;&quot;,&quot;caption&quot;:&quot;&quot;,&quot;created_timestamp&quot;:&quot;0&quot;,&quot;copyright&quot;:&quot;&quot;,&quot;focal_length&quot;:&quot;0&quot;,&quot;iso&quot;:&quot;0&quot;,&quot;shutter_speed&quot;:&quot;0&quot;,&quot;title&quot;:&quot;&quot;,&quot;orientation&quot;:&quot;0&quot;}\" data-image-title=\"image003\" data-image-description=\"\" data-image-caption=\"\" data-large-file=\"https:\/\/eldiariodesanpedro.com.ar\/sitio\/wp-content\/uploads\/2020\/08\/image003.png\" data-src=\"https:\/\/eldiariodesanpedro.com.ar\/sitio\/wp-content\/uploads\/2020\/08\/image003.png\" alt=\"\" class=\"wp-image-79513 lazyload\" data-srcset=\"https:\/\/eldiariodesanpedro.com.ar\/sitio\/wp-content\/uploads\/2020\/08\/image003.png 581w, https:\/\/eldiariodesanpedro.com.ar\/sitio\/wp-content\/uploads\/2020\/08\/image003-300x199.png 300w\" data-sizes=\"(max-width: 581px) 100vw, 581px\" src=\"data:image\/svg+xml;base64,PHN2ZyB3aWR0aD0iMSIgaGVpZ2h0PSIxIiB4bWxucz0iaHR0cDovL3d3dy53My5vcmcvMjAwMC9zdmciPjwvc3ZnPg==\" style=\"--smush-placeholder-width: 581px; --smush-placeholder-aspect-ratio: 581\/385;\" \/><\/figure>\n\n\n\n<p><\/p>\n","protected":false},"excerpt":{"rendered":"<p>La ANSES informa que a partir del aumento de 7,5 por ciento de septiembre el acumulado en lo que va del a\u00f1o ser\u00e1 del 28,9 por ciento para las jubilaciones y pensiones m\u00e1s bajas. Eso significa que en el primer semestre del a\u00f1o 2020 el haber m\u00ednimo aument\u00f3, en t\u00e9rminos reales, un 5,5%, recuperando as\u00ed [&hellip;]<\/p>\n","protected":false},"author":4,"featured_media":79514,"comment_status":"open","ping_status":"closed","sticky":false,"template":"","format":"standard","meta":{"om_disable_all_campaigns":false,"_jetpack_memberships_contains_paid_content":false,"footnotes":""},"categories":[101,2],"tags":[602,197,696,33],"class_list":["post-79512","post","type-post","status-publish","format-standard","has-post-thumbnail","hentry","category-interes-general-locales","category-locales","tag-anses","tag-buenos-aires","tag-interes-general","tag-locales"],"aioseo_notices":[],"gutentor_comment":0,"jetpack_featured_media_url":"https:\/\/eldiariodesanpedro.com.ar\/sitio\/wp-content\/uploads\/2020\/08\/jubilados-barbijo-6.jpg","jetpack_shortlink":"https:\/\/wp.me\/p6RhLt-kGs","jetpack_sharing_enabled":true,"_links":{"self":[{"href":"https:\/\/eldiariodesanpedro.com.ar\/sitio\/wp-json\/wp\/v2\/posts\/79512","targetHints":{"allow":["GET"]}}],"collection":[{"href":"https:\/\/eldiariodesanpedro.com.ar\/sitio\/wp-json\/wp\/v2\/posts"}],"about":[{"href":"https:\/\/eldiariodesanpedro.com.ar\/sitio\/wp-json\/wp\/v2\/types\/post"}],"author":[{"embeddable":true,"href":"https:\/\/eldiariodesanpedro.com.ar\/sitio\/wp-json\/wp\/v2\/users\/4"}],"replies":[{"embeddable":true,"href":"https:\/\/eldiariodesanpedro.com.ar\/sitio\/wp-json\/wp\/v2\/comments?post=79512"}],"version-history":[{"count":1,"href":"https:\/\/eldiariodesanpedro.com.ar\/sitio\/wp-json\/wp\/v2\/posts\/79512\/revisions"}],"predecessor-version":[{"id":79515,"href":"https:\/\/eldiariodesanpedro.com.ar\/sitio\/wp-json\/wp\/v2\/posts\/79512\/revisions\/79515"}],"wp:featuredmedia":[{"embeddable":true,"href":"https:\/\/eldiariodesanpedro.com.ar\/sitio\/wp-json\/wp\/v2\/media\/79514"}],"wp:attachment":[{"href":"https:\/\/eldiariodesanpedro.com.ar\/sitio\/wp-json\/wp\/v2\/media?parent=79512"}],"wp:term":[{"taxonomy":"category","embeddable":true,"href":"https:\/\/eldiariodesanpedro.com.ar\/sitio\/wp-json\/wp\/v2\/categories?post=79512"},{"taxonomy":"post_tag","embeddable":true,"href":"https:\/\/eldiariodesanpedro.com.ar\/sitio\/wp-json\/wp\/v2\/tags?post=79512"}],"curies":[{"name":"wp","href":"https:\/\/api.w.org\/{rel}","templated":true}]}}