{"id":79506,"date":"2020-08-14T18:48:32","date_gmt":"2020-08-14T21:48:32","guid":{"rendered":"https:\/\/eldiariodesanpedro.com.ar\/sitio\/?p=79506"},"modified":"2020-08-14T18:48:35","modified_gmt":"2020-08-14T21:48:35","slug":"el-edil-martin-pando-recibio-su-resultado-y-es-positivo","status":"publish","type":"post","link":"https:\/\/eldiariodesanpedro.com.ar\/sitio\/el-edil-martin-pando-recibio-su-resultado-y-es-positivo\/","title":{"rendered":"El edil Mart\u00edn Pando recibi\u00f3 su resultado y es positivo"},"content":{"rendered":"<!-- VideographyWP Plugin Message: Automatic video embedding prevented by plugin options. -->\n\n<p>Tras la confirmaci\u00f3n de Soledad Llull y Elisa Ferraro, en el d\u00eda de hoy el concejal Mart\u00edn Pando recibi\u00f3 el resultado de su hisopado siendo positivo. <\/p>\n\n\n\n<p>El edil perteneciente al bloque de Juntos por el Cambio fue hisopado el pasado lunes y era el \u00fanico de los concejales que falta recibir su resultado, confirmando que los s\u00edntomas eran pertenecientes a la enfermedad. <\/p>\n\n\n\n<p>Se cree que Pando contrajo el virus a trav\u00e9s de su pareja quien trabaja en los laboratorios del hospital local.<\/p>\n\n\n\n<p>Recordemos que el HCD por el momento suspendi\u00f3 sus actividades presenciales y continuara trabajando mediante Zoom.<\/p>\n","protected":false},"excerpt":{"rendered":"<p>Tras la confirmaci\u00f3n de Soledad Llull y Elisa Ferraro, en el d\u00eda de hoy el concejal Mart\u00edn Pando recibi\u00f3 el resultado de su hisopado siendo positivo. El edil perteneciente al bloque de Juntos por el Cambio fue hisopado el pasado lunes y era el \u00fanico de los concejales que falta recibir su resultado, confirmando que [&hellip;]<\/p>\n","protected":false},"author":4,"featured_media":79507,"comment_status":"open","ping_status":"closed","sticky":false,"template":"","format":"standard","meta":{"om_disable_all_campaigns":false,"_jetpack_memberships_contains_paid_content":false,"footnotes":""},"categories":[50,101,2],"tags":[197,696,33],"class_list":["post-79506","post","type-post","status-publish","format-standard","has-post-thumbnail","hentry","category-destacadas","category-interes-general-locales","category-locales","tag-buenos-aires","tag-interes-general","tag-locales"],"aioseo_notices":[],"gutentor_comment":0,"jetpack_featured_media_url":"https:\/\/eldiariodesanpedro.com.ar\/sitio\/wp-content\/uploads\/2020\/08\/unnamed-1-1.jpg","jetpack_shortlink":"https:\/\/wp.me\/p6RhLt-kGm","jetpack_sharing_enabled":true,"_links":{"self":[{"href":"https:\/\/eldiariodesanpedro.com.ar\/sitio\/wp-json\/wp\/v2\/posts\/79506","targetHints":{"allow":["GET"]}}],"collection":[{"href":"https:\/\/eldiariodesanpedro.com.ar\/sitio\/wp-json\/wp\/v2\/posts"}],"about":[{"href":"https:\/\/eldiariodesanpedro.com.ar\/sitio\/wp-json\/wp\/v2\/types\/post"}],"author":[{"embeddable":true,"href":"https:\/\/eldiariodesanpedro.com.ar\/sitio\/wp-json\/wp\/v2\/users\/4"}],"replies":[{"embeddable":true,"href":"https:\/\/eldiariodesanpedro.com.ar\/sitio\/wp-json\/wp\/v2\/comments?post=79506"}],"version-history":[{"count":1,"href":"https:\/\/eldiariodesanpedro.com.ar\/sitio\/wp-json\/wp\/v2\/posts\/79506\/revisions"}],"predecessor-version":[{"id":79508,"href":"https:\/\/eldiariodesanpedro.com.ar\/sitio\/wp-json\/wp\/v2\/posts\/79506\/revisions\/79508"}],"wp:featuredmedia":[{"embeddable":true,"href":"https:\/\/eldiariodesanpedro.com.ar\/sitio\/wp-json\/wp\/v2\/media\/79507"}],"wp:attachment":[{"href":"https:\/\/eldiariodesanpedro.com.ar\/sitio\/wp-json\/wp\/v2\/media?parent=79506"}],"wp:term":[{"taxonomy":"category","embeddable":true,"href":"https:\/\/eldiariodesanpedro.com.ar\/sitio\/wp-json\/wp\/v2\/categories?post=79506"},{"taxonomy":"post_tag","embeddable":true,"href":"https:\/\/eldiariodesanpedro.com.ar\/sitio\/wp-json\/wp\/v2\/tags?post=79506"}],"curies":[{"name":"wp","href":"https:\/\/api.w.org\/{rel}","templated":true}]}}