{"id":79504,"date":"2020-08-14T18:33:15","date_gmt":"2020-08-14T21:33:15","guid":{"rendered":"https:\/\/eldiariodesanpedro.com.ar\/sitio\/?p=79504"},"modified":"2020-08-14T18:33:18","modified_gmt":"2020-08-14T21:33:18","slug":"el-dr-marcelo-manso-dio-positivo","status":"publish","type":"post","link":"https:\/\/eldiariodesanpedro.com.ar\/sitio\/el-dr-marcelo-manso-dio-positivo\/","title":{"rendered":"El Dr. Marcelo Manso dio positivo"},"content":{"rendered":"<!-- VideographyWP Plugin Message: Automatic video embedding prevented by plugin options. -->\n\n<p>En la tarde de este viernes se confirmo el resultado de test realizado al Fiscal Marcelo Manso que dio positivo. <\/p>\n\n\n\n<p>Manso que lidera la UFI N\u00ba 5 de la fiscalia local fue hisopado el pasado mi\u00e9rcoles cuando comenz\u00f3 a presentar s\u00edntomas compatibles, ese mismo d\u00eda se tom\u00f3 la decisi\u00f3n de cerrar la atenci\u00f3n al publico de las oficinas y realizar  una sanitizaci\u00f3n del lugar.<\/p>\n\n\n\n<p>Las oficinas de la fiscalia permaneceran cerradas por el momento hasta el pr\u00f3ximo martes.<\/p>\n","protected":false},"excerpt":{"rendered":"<p>En la tarde de este viernes se confirmo el resultado de test realizado al Fiscal Marcelo Manso que dio positivo. Manso que lidera la UFI N\u00ba 5 de la fiscalia local fue hisopado el pasado mi\u00e9rcoles cuando comenz\u00f3 a presentar s\u00edntomas compatibles, ese mismo d\u00eda se tom\u00f3 la decisi\u00f3n de cerrar la atenci\u00f3n al publico [&hellip;]<\/p>\n","protected":false},"author":4,"featured_media":79371,"comment_status":"open","ping_status":"closed","sticky":false,"template":"","format":"standard","meta":{"om_disable_all_campaigns":false,"_jetpack_memberships_contains_paid_content":false,"footnotes":""},"categories":[50,101,2],"tags":[197,696,33],"class_list":["post-79504","post","type-post","status-publish","format-standard","has-post-thumbnail","hentry","category-destacadas","category-interes-general-locales","category-locales","tag-buenos-aires","tag-interes-general","tag-locales"],"aioseo_notices":[],"gutentor_comment":0,"jetpack_featured_media_url":"https:\/\/eldiariodesanpedro.com.ar\/sitio\/wp-content\/uploads\/2020\/08\/manso_0_1.png","jetpack_shortlink":"https:\/\/wp.me\/p6RhLt-kGk","jetpack_sharing_enabled":true,"_links":{"self":[{"href":"https:\/\/eldiariodesanpedro.com.ar\/sitio\/wp-json\/wp\/v2\/posts\/79504","targetHints":{"allow":["GET"]}}],"collection":[{"href":"https:\/\/eldiariodesanpedro.com.ar\/sitio\/wp-json\/wp\/v2\/posts"}],"about":[{"href":"https:\/\/eldiariodesanpedro.com.ar\/sitio\/wp-json\/wp\/v2\/types\/post"}],"author":[{"embeddable":true,"href":"https:\/\/eldiariodesanpedro.com.ar\/sitio\/wp-json\/wp\/v2\/users\/4"}],"replies":[{"embeddable":true,"href":"https:\/\/eldiariodesanpedro.com.ar\/sitio\/wp-json\/wp\/v2\/comments?post=79504"}],"version-history":[{"count":1,"href":"https:\/\/eldiariodesanpedro.com.ar\/sitio\/wp-json\/wp\/v2\/posts\/79504\/revisions"}],"predecessor-version":[{"id":79505,"href":"https:\/\/eldiariodesanpedro.com.ar\/sitio\/wp-json\/wp\/v2\/posts\/79504\/revisions\/79505"}],"wp:featuredmedia":[{"embeddable":true,"href":"https:\/\/eldiariodesanpedro.com.ar\/sitio\/wp-json\/wp\/v2\/media\/79371"}],"wp:attachment":[{"href":"https:\/\/eldiariodesanpedro.com.ar\/sitio\/wp-json\/wp\/v2\/media?parent=79504"}],"wp:term":[{"taxonomy":"category","embeddable":true,"href":"https:\/\/eldiariodesanpedro.com.ar\/sitio\/wp-json\/wp\/v2\/categories?post=79504"},{"taxonomy":"post_tag","embeddable":true,"href":"https:\/\/eldiariodesanpedro.com.ar\/sitio\/wp-json\/wp\/v2\/tags?post=79504"}],"curies":[{"name":"wp","href":"https:\/\/api.w.org\/{rel}","templated":true}]}}