{"id":79501,"date":"2020-08-14T18:04:10","date_gmt":"2020-08-14T21:04:10","guid":{"rendered":"https:\/\/eldiariodesanpedro.com.ar\/sitio\/?p=79501"},"modified":"2020-08-14T18:04:17","modified_gmt":"2020-08-14T21:04:17","slug":"se-reanuda-la-atencion-a-osprera","status":"publish","type":"post","link":"https:\/\/eldiariodesanpedro.com.ar\/sitio\/se-reanuda-la-atencion-a-osprera\/","title":{"rendered":"Se reanuda la atenci\u00f3n a OSPRERA"},"content":{"rendered":"<!-- VideographyWP Plugin Message: Automatic video embedding prevented by plugin options. -->\n\n<p>El C\u00edrculo M\u00e9dico informa que luego de las negociaciones mantenidas en todo este tiempo, se reanuda la atenci\u00f3n a los beneficiarios de OSPRERA.<\/p>\n\n\n\n<p>Compartimos esta novedad y destacamos la predisposici\u00f3n de todos los sectores involucrados en estas tratativas que nos permiten retornar a un funcionamiento adecuado para las familias que cuentan con esta cobertura.<\/p>\n","protected":false},"excerpt":{"rendered":"<p>El C\u00edrculo M\u00e9dico informa que luego de las negociaciones mantenidas en todo este tiempo, se reanuda la atenci\u00f3n a los beneficiarios de OSPRERA. Compartimos esta novedad y destacamos la predisposici\u00f3n de todos los sectores involucrados en estas tratativas que nos permiten retornar a un funcionamiento adecuado para las familias que cuentan con esta cobertura.<\/p>\n","protected":false},"author":4,"featured_media":79502,"comment_status":"open","ping_status":"closed","sticky":false,"template":"","format":"standard","meta":{"om_disable_all_campaigns":false,"_jetpack_memberships_contains_paid_content":false,"footnotes":""},"categories":[101,2],"tags":[197,696,33],"class_list":["post-79501","post","type-post","status-publish","format-standard","has-post-thumbnail","hentry","category-interes-general-locales","category-locales","tag-buenos-aires","tag-interes-general","tag-locales"],"aioseo_notices":[],"gutentor_comment":0,"jetpack_featured_media_url":"https:\/\/eldiariodesanpedro.com.ar\/sitio\/wp-content\/uploads\/2020\/08\/WhatsApp-Image-2020-08-14-at-18.00.15.jpeg","jetpack_shortlink":"https:\/\/wp.me\/p6RhLt-kGh","jetpack_sharing_enabled":true,"_links":{"self":[{"href":"https:\/\/eldiariodesanpedro.com.ar\/sitio\/wp-json\/wp\/v2\/posts\/79501","targetHints":{"allow":["GET"]}}],"collection":[{"href":"https:\/\/eldiariodesanpedro.com.ar\/sitio\/wp-json\/wp\/v2\/posts"}],"about":[{"href":"https:\/\/eldiariodesanpedro.com.ar\/sitio\/wp-json\/wp\/v2\/types\/post"}],"author":[{"embeddable":true,"href":"https:\/\/eldiariodesanpedro.com.ar\/sitio\/wp-json\/wp\/v2\/users\/4"}],"replies":[{"embeddable":true,"href":"https:\/\/eldiariodesanpedro.com.ar\/sitio\/wp-json\/wp\/v2\/comments?post=79501"}],"version-history":[{"count":1,"href":"https:\/\/eldiariodesanpedro.com.ar\/sitio\/wp-json\/wp\/v2\/posts\/79501\/revisions"}],"predecessor-version":[{"id":79503,"href":"https:\/\/eldiariodesanpedro.com.ar\/sitio\/wp-json\/wp\/v2\/posts\/79501\/revisions\/79503"}],"wp:featuredmedia":[{"embeddable":true,"href":"https:\/\/eldiariodesanpedro.com.ar\/sitio\/wp-json\/wp\/v2\/media\/79502"}],"wp:attachment":[{"href":"https:\/\/eldiariodesanpedro.com.ar\/sitio\/wp-json\/wp\/v2\/media?parent=79501"}],"wp:term":[{"taxonomy":"category","embeddable":true,"href":"https:\/\/eldiariodesanpedro.com.ar\/sitio\/wp-json\/wp\/v2\/categories?post=79501"},{"taxonomy":"post_tag","embeddable":true,"href":"https:\/\/eldiariodesanpedro.com.ar\/sitio\/wp-json\/wp\/v2\/tags?post=79501"}],"curies":[{"name":"wp","href":"https:\/\/api.w.org\/{rel}","templated":true}]}}