{"id":79498,"date":"2020-08-14T11:48:14","date_gmt":"2020-08-14T14:48:14","guid":{"rendered":"https:\/\/eldiariodesanpedro.com.ar\/sitio\/?p=79498"},"modified":"2020-08-14T11:48:18","modified_gmt":"2020-08-14T14:48:18","slug":"mariana-maroli-reparara-la-imagen-de-san-cayetano","status":"publish","type":"post","link":"https:\/\/eldiariodesanpedro.com.ar\/sitio\/mariana-maroli-reparara-la-imagen-de-san-cayetano\/","title":{"rendered":"Mariana Maroli reparar\u00e1 la imagen de San Cayetano"},"content":{"rendered":"<!-- VideographyWP Plugin Message: Automatic video embedding prevented by plugin options. -->\n\n<p>La artista pl\u00e1stica tendr\u00e1 a cargo la refacci\u00f3n del santo patrono del pan y del trabajo perteneciente a la comunidad de Ntra. Sra. del Socorro. \u00a0\u00a0<\/p>\n\n\n\n<p>En su taller ubicado sobre la Ruta 1001, la artista pl\u00e1stica Mariana Maroli tendr\u00e1 la grata misi\u00f3n de reparar la imagen de San Cayetano que se encuentra en la Iglesia Nuestra Se\u00f1ora del Socorro. La restauraci\u00f3n de la imagen ser\u00e1 completa y ya est\u00e1 en marcha.<\/p>\n\n\n\n<p>a propia Mariana Maroli se encarg\u00f3 de explicar qu\u00e9 tipo de trabajo realizar\u00e1 y qu\u00e9 significado tiene desde el lado sentimental.<\/p>\n\n\n\n<p>\u201cEs la primera vez que voy a refaccionar a San Cayetano de un tama\u00f1o casi real\u201d, dijo en el aire de Fm G\u00e9nesis.<\/p>\n\n\n\n<p>\u201cEs un honor poder trabajar sobre estas im\u00e1genes tan antiguas, es un placer y una enorme responsabilidad\u201d, se\u00f1al\u00f3.<\/p>\n\n\n\n<p>\u201cHay que trabajar mucho sobre esta imagen, le falta una mano, por ejemplo, le faltan los cuatro dedos de la otra mano y hay que hacerle mucha pintura, es una imagen de madera y yeso y le han ido poniendo capas por encima, que en general se hace por desconocimiento\u201d, explic\u00f3.<\/p>\n\n\n\n<p>\u201cCon el tiempo la pintura se empieza a cuartear y ese es uno de los problemas que tiene, y el otro tema es que en alguna refacci\u00f3n anterior que tuvo utilizaron distintos tipos de pinturas, as\u00ed que vamos a tener que lijarla mucho hasta llevarla a cero\u201d.<\/p>\n\n\n\n<p>\u201cEs una imagen muy antigua, seguro que tiene m\u00e1s de 100 a\u00f1os, por las caracter\u00edsticas de la construcci\u00f3n. Me animo a decir que es una imagen importada, esta debe haber venido de Italia\u201d, agreg\u00f3.<\/p>\n\n\n\n<p>Fuente: <a href=\"https:\/\/www.sanpedroinforma.com.ar\/nota\/123578\/sociedad\/mariana-maroli-reparara-la-imagen-de-san-cayetano.html\">San Pedro Informa<\/a><\/p>\n","protected":false},"excerpt":{"rendered":"<p>La artista pl\u00e1stica tendr\u00e1 a cargo la refacci\u00f3n del santo patrono del pan y del trabajo perteneciente a la comunidad de Ntra. Sra. del Socorro. \u00a0\u00a0 En su taller ubicado sobre la Ruta 1001, la artista pl\u00e1stica Mariana Maroli tendr\u00e1 la grata misi\u00f3n de reparar la imagen de San Cayetano que se encuentra en la [&hellip;]<\/p>\n","protected":false},"author":4,"featured_media":79499,"comment_status":"open","ping_status":"closed","sticky":false,"template":"","format":"standard","meta":{"om_disable_all_campaigns":false,"_jetpack_memberships_contains_paid_content":false,"footnotes":""},"categories":[2],"tags":[197,696,33],"class_list":["post-79498","post","type-post","status-publish","format-standard","has-post-thumbnail","hentry","category-locales","tag-buenos-aires","tag-interes-general","tag-locales"],"aioseo_notices":[],"gutentor_comment":0,"jetpack_featured_media_url":"https:\/\/eldiariodesanpedro.com.ar\/sitio\/wp-content\/uploads\/2020\/08\/000086299.jpg","jetpack_shortlink":"https:\/\/wp.me\/p6RhLt-kGe","jetpack_sharing_enabled":true,"_links":{"self":[{"href":"https:\/\/eldiariodesanpedro.com.ar\/sitio\/wp-json\/wp\/v2\/posts\/79498","targetHints":{"allow":["GET"]}}],"collection":[{"href":"https:\/\/eldiariodesanpedro.com.ar\/sitio\/wp-json\/wp\/v2\/posts"}],"about":[{"href":"https:\/\/eldiariodesanpedro.com.ar\/sitio\/wp-json\/wp\/v2\/types\/post"}],"author":[{"embeddable":true,"href":"https:\/\/eldiariodesanpedro.com.ar\/sitio\/wp-json\/wp\/v2\/users\/4"}],"replies":[{"embeddable":true,"href":"https:\/\/eldiariodesanpedro.com.ar\/sitio\/wp-json\/wp\/v2\/comments?post=79498"}],"version-history":[{"count":1,"href":"https:\/\/eldiariodesanpedro.com.ar\/sitio\/wp-json\/wp\/v2\/posts\/79498\/revisions"}],"predecessor-version":[{"id":79500,"href":"https:\/\/eldiariodesanpedro.com.ar\/sitio\/wp-json\/wp\/v2\/posts\/79498\/revisions\/79500"}],"wp:featuredmedia":[{"embeddable":true,"href":"https:\/\/eldiariodesanpedro.com.ar\/sitio\/wp-json\/wp\/v2\/media\/79499"}],"wp:attachment":[{"href":"https:\/\/eldiariodesanpedro.com.ar\/sitio\/wp-json\/wp\/v2\/media?parent=79498"}],"wp:term":[{"taxonomy":"category","embeddable":true,"href":"https:\/\/eldiariodesanpedro.com.ar\/sitio\/wp-json\/wp\/v2\/categories?post=79498"},{"taxonomy":"post_tag","embeddable":true,"href":"https:\/\/eldiariodesanpedro.com.ar\/sitio\/wp-json\/wp\/v2\/tags?post=79498"}],"curies":[{"name":"wp","href":"https:\/\/api.w.org\/{rel}","templated":true}]}}