{"id":79495,"date":"2020-08-14T11:26:37","date_gmt":"2020-08-14T14:26:37","guid":{"rendered":"https:\/\/eldiariodesanpedro.com.ar\/sitio\/?p=79495"},"modified":"2020-08-14T11:26:41","modified_gmt":"2020-08-14T14:26:41","slug":"docentes-bonaerenses-podran-anotarse-online-desde-hoy-para-concursar-cargos","status":"publish","type":"post","link":"https:\/\/eldiariodesanpedro.com.ar\/sitio\/docentes-bonaerenses-podran-anotarse-online-desde-hoy-para-concursar-cargos\/","title":{"rendered":"Docentes bonaerenses podr\u00e1n anotarse online desde hoy para concursar cargos"},"content":{"rendered":"<!-- VideographyWP Plugin Message: Automatic video embedding prevented by plugin options. -->\n\n<p>Los actos p\u00fablicos digitales para la cobertura de cargos docentes se realizar\u00e1n a trav\u00e9s de la aplicaci\u00f3n Acto P\u00fablico, alojada en el portal ABC (www.abc.gob.ar).<\/p>\n\n\n\n<p>Los maestros de escuelas bonaerenses podr\u00e1n participar del acto p\u00fablico para la cobertura de los cargos docentes, de manera virtual, desde hoy y hasta el viernes 21 de agosto, inform\u00f3 la Direcci\u00f3n General de Cultura y Educaci\u00f3n.<\/p>\n\n\n\n<p>Los actos p\u00fablicos digitales para la cobertura de cargos docentes se realizar\u00e1n a trav\u00e9s de la aplicaci\u00f3n Acto P\u00fablico, alojada en el portal ABC (www.abc.gob.ar).<\/p>\n\n\n\n<p>Las ofertas de cargos vacantes ser\u00e1n difundidas en el portal educativo de la Provincia desde hoy hasta el 21 de agosto a las 10, momento en el que podr\u00e1n realizarse las postulaciones.<\/p>\n\n\n\n<p>Los aspirantes interesados en postularse a una oferta de cargo vacante deber\u00e1n ingresar con su usuario registrado en la plataforma educativa y completar la informaci\u00f3n que se les solicita en cada oferta publicada.<\/p>\n\n\n\n<p>Una vez realizada la postulaci\u00f3n, el sistema permite imprimir el comprobante o eliminar la postulaci\u00f3n hasta el momento del cierre de la oferta.<\/p>\n\n\n\n<p>\u00abEl acto p\u00fablico no ser\u00e1 en vivo o en simult\u00e1neo, sino que se har\u00e1 por mail\u00bb, explicaron fuentes de la cartera educativa.<\/p>\n\n\n\n<p>Tras el cierre, las secretar\u00edas de Asuntos Docentes confeccionan el orden de m\u00e9rito de los postulantes, con la veedur\u00eda gremial que establece la normativa.<\/p>\n\n\n\n<p>Finalizado el acto p\u00fablico, se publicar\u00e1 el resultado en el portal educativo y se notificar\u00e1 por correo electr\u00f3nico al conjunto de las y los postulantes.<\/p>\n\n\n\n<p>Los maestros seleccionados deber\u00e1n responder por correo electr\u00f3nico aceptando el cargo.<\/p>\n\n\n\n<p>A la vez, la Direcci\u00f3n General de Cultura y Educaci\u00f3n prorrog\u00f3 hasta el 31 de agosto de 2020 el Programa de Incorporaci\u00f3n Especial de Docentes y Auxiliares Suplentes.<\/p>\n\n\n\n<p>Este programa est\u00e1 destinado a estos trabajadores que, por la cuarentena, se encontraron \u00abimposibilitados de participar de los actos p\u00fablicos que en condiciones habituales les permiten acceder a cargos\u00bb.<\/p>\n\n\n\n<p>Fuente: Telam<\/p>\n","protected":false},"excerpt":{"rendered":"<p>Los actos p\u00fablicos digitales para la cobertura de cargos docentes se realizar\u00e1n a trav\u00e9s de la aplicaci\u00f3n Acto P\u00fablico, alojada en el portal ABC (www.abc.gob.ar). Los maestros de escuelas bonaerenses podr\u00e1n participar del acto p\u00fablico para la cobertura de los cargos docentes, de manera virtual, desde hoy y hasta el viernes 21 de agosto, inform\u00f3 [&hellip;]<\/p>\n","protected":false},"author":4,"featured_media":79496,"comment_status":"open","ping_status":"closed","sticky":false,"template":"","format":"standard","meta":{"om_disable_all_campaigns":false,"_jetpack_memberships_contains_paid_content":false,"footnotes":""},"categories":[101,2],"tags":[197,1439,1718,696,33],"class_list":["post-79495","post","type-post","status-publish","format-standard","has-post-thumbnail","hentry","category-interes-general-locales","category-locales","tag-buenos-aires","tag-concursos","tag-docentes","tag-interes-general","tag-locales"],"aioseo_notices":[],"gutentor_comment":0,"jetpack_featured_media_url":"https:\/\/eldiariodesanpedro.com.ar\/sitio\/wp-content\/uploads\/2020\/08\/pc.png_750.png","jetpack_shortlink":"https:\/\/wp.me\/p6RhLt-kGb","jetpack_sharing_enabled":true,"_links":{"self":[{"href":"https:\/\/eldiariodesanpedro.com.ar\/sitio\/wp-json\/wp\/v2\/posts\/79495","targetHints":{"allow":["GET"]}}],"collection":[{"href":"https:\/\/eldiariodesanpedro.com.ar\/sitio\/wp-json\/wp\/v2\/posts"}],"about":[{"href":"https:\/\/eldiariodesanpedro.com.ar\/sitio\/wp-json\/wp\/v2\/types\/post"}],"author":[{"embeddable":true,"href":"https:\/\/eldiariodesanpedro.com.ar\/sitio\/wp-json\/wp\/v2\/users\/4"}],"replies":[{"embeddable":true,"href":"https:\/\/eldiariodesanpedro.com.ar\/sitio\/wp-json\/wp\/v2\/comments?post=79495"}],"version-history":[{"count":1,"href":"https:\/\/eldiariodesanpedro.com.ar\/sitio\/wp-json\/wp\/v2\/posts\/79495\/revisions"}],"predecessor-version":[{"id":79497,"href":"https:\/\/eldiariodesanpedro.com.ar\/sitio\/wp-json\/wp\/v2\/posts\/79495\/revisions\/79497"}],"wp:featuredmedia":[{"embeddable":true,"href":"https:\/\/eldiariodesanpedro.com.ar\/sitio\/wp-json\/wp\/v2\/media\/79496"}],"wp:attachment":[{"href":"https:\/\/eldiariodesanpedro.com.ar\/sitio\/wp-json\/wp\/v2\/media?parent=79495"}],"wp:term":[{"taxonomy":"category","embeddable":true,"href":"https:\/\/eldiariodesanpedro.com.ar\/sitio\/wp-json\/wp\/v2\/categories?post=79495"},{"taxonomy":"post_tag","embeddable":true,"href":"https:\/\/eldiariodesanpedro.com.ar\/sitio\/wp-json\/wp\/v2\/tags?post=79495"}],"curies":[{"name":"wp","href":"https:\/\/api.w.org\/{rel}","templated":true}]}}