{"id":79492,"date":"2020-08-14T11:15:13","date_gmt":"2020-08-14T14:15:13","guid":{"rendered":"https:\/\/eldiariodesanpedro.com.ar\/sitio\/?p=79492"},"modified":"2020-08-14T11:15:17","modified_gmt":"2020-08-14T14:15:17","slug":"el-partido-socialista-presento-un-proyecto-en-el-hcd-para-adherirse-a-la-ley-silvio","status":"publish","type":"post","link":"https:\/\/eldiariodesanpedro.com.ar\/sitio\/el-partido-socialista-presento-un-proyecto-en-el-hcd-para-adherirse-a-la-ley-silvio\/","title":{"rendered":"El Partido Socialista presento un proyecto en el HCD para adherirse a la Ley Silvio"},"content":{"rendered":"<!-- VideographyWP Plugin Message: Automatic video embedding prevented by plugin options. -->\n\n<p>Este jueves el Partido Socialista San Pedro liderado por Fernando Nouet realizo la presentaci\u00f3n de un proyecto de ordenanza al Honorable Concejo Deliberante para que la ciudad se adiera a la \u00abLey Silvio\u00bb.<\/p>\n\n\n\n<p>\u00bfQue es la Ley Silvio?<br>La iniciativa, que consta de 11 art\u00edculos, declara \u201cprioritaria para el inter\u00e9s nacional la protecci\u00f3n de la vida y la salud del personal del sistema de salud argentino y de los trabajadores y voluntarios que cumplen con actividades y servicios esenciales\u201d en el marco de la pandemia.<br>El principal objetivo del programa ser\u00e1 la prevenci\u00f3n del contagio del coronavirus y alcanza a \u201ctodo el personal m\u00e9dico, de enfermer\u00eda, de direcci\u00f3n y administraci\u00f3n, log\u00edstico, de limpieza y dem\u00e1s, que presten servicios en establecimientos de salud donde se efect\u00faen pr\u00e1cticas destinadas a la atenci\u00f3n de casos sospechosos, realizaci\u00f3n de muestras y tests, y\/o atenci\u00f3n y tratamiento de Covid-19, cualquiera sea el responsable y la forma jur\u00eddica del establecimiento\u201d.<\/p>\n\n\n\n<p>\u00ab<em>PROYECTO DE ORDENANZA :<\/em><br><em>VISTO:\u00a0<\/em><br><em>*Que la ley \u00abSilvio\u00bb presentada por el Diputado Nacional Eduardo Bali Bucca, declara de inter\u00e9s nacional la protecci\u00f3n de la vida y la salud del personal del sistema de salud argentino y de los trabajadores y voluntarios que cumplen con actividades y servicios esenciales durante la emergencia sanitaria.<\/em><\/p>\n\n\n\n<p><em>CONSIDERANDO:<\/em><br><em>*La cr\u00edtica situaci\u00f3n del sistema sanitario, el incipiente crecimiento en los contagios del personal de la salud y servicios vinculados a la emergencia sanitaria.\u00a0\u00a0<\/em><br><em>*La necesidad de coordinar acciones publico privadas orientadas a unificar protocolos, realizar las acciones preventivas\u00a0 necesarias para cuidar a dicho personal, y brindar capacitaci\u00f3n permanente ante los continuos desaf\u00edos y variantes que presenta la situaci\u00f3n.<\/em><br><em>*Que la salud de los trabajadores es un requisito esencial y previo para desarrollar de manera adecuada sus tareas.<\/em><br><em>*Los riesgos para la salud de todos los trabajadores, y particularmente de los profesionales de primera linea de contacto, necesitan que se reduzca la exposici\u00f3n a riesgos ocupacionales, brindando los elementos de protecci\u00f3n personal adecuados, realizando los controles necesarios para la detecci\u00f3n precoz de contagios y delimitando espacios exclusivos para el control y tratamiento del COVID 19.<\/em><\/p>\n\n\n\n<p><em>*Que la Ley 27.548 crea el Programa de Protecci\u00f3n al Personal de Salud ante la pandemia de coronavirus COVID-19, sujeto a las disposiciones de la presente ley y toda normativa elaborada por la autoridad de aplicaci\u00f3n que establezca el Poder Ejecutivo nacional, cuyo objetivo principal sea la prevenci\u00f3n del contagio de Coronavirus COVID-19 entre el personal de salud que trabaje en establecimientos de salud de gesti\u00f3n p\u00fablica o privada, para todo el personal m\u00e9dico, de enfermer\u00eda, de direcci\u00f3n y administraci\u00f3n, log\u00edstico, de limpieza, gastron\u00f3mico, ambulancieros y dem\u00e1s, que presten servicios en establecimientos de salud donde se efect\u00faen pr\u00e1cticas destinadas a la atenci\u00f3n de casos sospechosos, realizaci\u00f3n de muestras y test, y\/o atenci\u00f3n y tratamiento de COVID-19, cualquiera sea el responsable y la forma jur\u00eddica del establecimiento.<\/em><br><em>*Que dispone el Principio de Bioseguridad. Los establecimientos de salud deben garantizar medidas de bioseguridad. Se deben priorizar las \u00e1reas de los establecimientos dedicadas espec\u00edficamente a la atenci\u00f3n y toma de muestras de casos sospechosos o confirmados de COVID-19, como as\u00ed tambi\u00e9n en aquellas \u00e1reas en que haya un mayor riesgo de contagio.<\/em><br><em>La presente ley se encontrar\u00e1 vigente mientras dure la emergencia sanitaria causada por el coronavirus COVID-19, de acuerdo a lo establecido en el art\u00edculo 1\u00b0 del Decreto de Necesidad y Urgencia 260\/2020 o la norma que en el futuro la reemplace.<\/em><br><em>La ley lleva el nombre de Silvio Cufr\u00e9, el primer enfermero y trabajador de la salud que muri\u00f3 en la provincia de Buenos Aires, sin saber que ten\u00eda COVID-19. \u201cEste es un peque\u00f1o homenaje a \u00e9l y a todo el personal de salud del pa\u00eds.<\/em><br><em>La ley Silvio es de cobertura nacional y entre otros alcances, busca garantizar las normas de bioseguridad, asegurar la aplicaci\u00f3n de protocolos de atenci\u00f3n en cada uno de los establecimientos de salud, la creaci\u00f3n de un registro \u00fanico que permita ver la evoluci\u00f3n y la afectaci\u00f3n de la pandemia en particular dentro del personal de salud, el desarrollo y la aplicaci\u00f3n de testeos espec\u00edficos sobre el personal, con la prioridad en los an\u00e1lisis de estos testeos para ir haciendo los estudios y poder tomar decisiones fundamentadas en datos.\u00a0<\/em><br><em>\u00a0 Por todo ello.<\/em><\/p>\n\n\n\n<p><em>\u00a0EL HONORABLE CONCEJO DELIBERANTE DE SAN PEDRO,en uso de sus atribuciones propone la sanci\u00f3n de la siguiente<\/em><\/p>\n\n\n\n<p><em>ORDENANZA<\/em><br><em>Art\u00edculo1\u00ba: Adherir la Ley de 27.548, Programa de Protecci\u00f3n al Personal de Salud ante la pandemia de coronavirus COVID-19, sancionada el 21 de mayo de 2020.<\/em><br><em>Art\u00edculo 2\u00b0: Designar la autoridad de aplicaci\u00f3n en el orden local, la que adem\u00e1s deber\u00e1 gestionar ante el Ministerio de Salud de la Provincia, los recursos disponibles como parte del Programa de Protecci\u00f3n al Personal de Salud ante la pandemia de coronavirus COVID-19.<\/em><br><em>Art\u00edculo 3\u00ba: Enviar copia de la presente Comunicaci\u00f3n a Honorable C\u00e1mara de Diputados de la Naci\u00f3n y a la Honorable C\u00e1mara de Senadores de la Naci\u00f3n.<\/em><br><em>Art\u00edculo 3\u00ba: De Forma.\u00a0\u00ab<\/em><\/p>\n","protected":false},"excerpt":{"rendered":"<p>Este jueves el Partido Socialista San Pedro liderado por Fernando Nouet realizo la presentaci\u00f3n de un proyecto de ordenanza al Honorable Concejo Deliberante para que la ciudad se adiera a la \u00abLey Silvio\u00bb. \u00bfQue es la Ley Silvio?La iniciativa, que consta de 11 art\u00edculos, declara \u201cprioritaria para el inter\u00e9s nacional la protecci\u00f3n de la vida [&hellip;]<\/p>\n","protected":false},"author":4,"featured_media":79493,"comment_status":"open","ping_status":"closed","sticky":false,"template":"","format":"standard","meta":{"om_disable_all_campaigns":false,"_jetpack_memberships_contains_paid_content":false,"footnotes":""},"categories":[101,2],"tags":[197,696,33],"class_list":["post-79492","post","type-post","status-publish","format-standard","has-post-thumbnail","hentry","category-interes-general-locales","category-locales","tag-buenos-aires","tag-interes-general","tag-locales"],"aioseo_notices":[],"gutentor_comment":0,"jetpack_featured_media_url":"https:\/\/eldiariodesanpedro.com.ar\/sitio\/wp-content\/uploads\/2020\/08\/unnamed-1.jpg","jetpack_shortlink":"https:\/\/wp.me\/p6RhLt-kG8","jetpack_sharing_enabled":true,"_links":{"self":[{"href":"https:\/\/eldiariodesanpedro.com.ar\/sitio\/wp-json\/wp\/v2\/posts\/79492","targetHints":{"allow":["GET"]}}],"collection":[{"href":"https:\/\/eldiariodesanpedro.com.ar\/sitio\/wp-json\/wp\/v2\/posts"}],"about":[{"href":"https:\/\/eldiariodesanpedro.com.ar\/sitio\/wp-json\/wp\/v2\/types\/post"}],"author":[{"embeddable":true,"href":"https:\/\/eldiariodesanpedro.com.ar\/sitio\/wp-json\/wp\/v2\/users\/4"}],"replies":[{"embeddable":true,"href":"https:\/\/eldiariodesanpedro.com.ar\/sitio\/wp-json\/wp\/v2\/comments?post=79492"}],"version-history":[{"count":1,"href":"https:\/\/eldiariodesanpedro.com.ar\/sitio\/wp-json\/wp\/v2\/posts\/79492\/revisions"}],"predecessor-version":[{"id":79494,"href":"https:\/\/eldiariodesanpedro.com.ar\/sitio\/wp-json\/wp\/v2\/posts\/79492\/revisions\/79494"}],"wp:featuredmedia":[{"embeddable":true,"href":"https:\/\/eldiariodesanpedro.com.ar\/sitio\/wp-json\/wp\/v2\/media\/79493"}],"wp:attachment":[{"href":"https:\/\/eldiariodesanpedro.com.ar\/sitio\/wp-json\/wp\/v2\/media?parent=79492"}],"wp:term":[{"taxonomy":"category","embeddable":true,"href":"https:\/\/eldiariodesanpedro.com.ar\/sitio\/wp-json\/wp\/v2\/categories?post=79492"},{"taxonomy":"post_tag","embeddable":true,"href":"https:\/\/eldiariodesanpedro.com.ar\/sitio\/wp-json\/wp\/v2\/tags?post=79492"}],"curies":[{"name":"wp","href":"https:\/\/api.w.org\/{rel}","templated":true}]}}