{"id":79483,"date":"2020-08-14T10:41:39","date_gmt":"2020-08-14T13:41:39","guid":{"rendered":"https:\/\/eldiariodesanpedro.com.ar\/sitio\/?p=79483"},"modified":"2020-08-14T10:41:43","modified_gmt":"2020-08-14T13:41:43","slug":"clausuran-un-autoservicio-abierto-fuera-del-horario-permitido","status":"publish","type":"post","link":"https:\/\/eldiariodesanpedro.com.ar\/sitio\/clausuran-un-autoservicio-abierto-fuera-del-horario-permitido\/","title":{"rendered":"Clausuran un autoservicio abierto fuera del horario permitido"},"content":{"rendered":"<!-- VideographyWP Plugin Message: Automatic video embedding prevented by plugin options. -->\n\n<p>En la jornada de este jueves los efectivos policiales en conjunto con el personal de inspecci\u00f3n de la municipalidad, realizaron la clausura de un minimercado que se encontraba abierto fuera del horario permitido.<\/p>\n\n\n\n<p>Ayer se procedi\u00f3 a la infracci\u00f3n y clausura de un comercio del rubro autoservicio ubicado en calle Bozzano al 200, propiedad masculino de 24 a\u00f1os de edad, quien hallase abierto al p\u00fablico horario no establecido en dicha norma en el marco del aislamiento (ASPO). Tom\u00f3 intervenci\u00f3n el tribunal de faltas local.<\/p>\n","protected":false},"excerpt":{"rendered":"<p>En la jornada de este jueves los efectivos policiales en conjunto con el personal de inspecci\u00f3n de la municipalidad, realizaron la clausura de un minimercado que se encontraba abierto fuera del horario permitido. Ayer se procedi\u00f3 a la infracci\u00f3n y clausura de un comercio del rubro autoservicio ubicado en calle Bozzano al 200, propiedad masculino [&hellip;]<\/p>\n","protected":false},"author":4,"featured_media":79484,"comment_status":"open","ping_status":"closed","sticky":false,"template":"","format":"standard","meta":{"om_disable_all_campaigns":false,"_jetpack_memberships_contains_paid_content":false,"footnotes":""},"categories":[2,103],"tags":[197,33,95],"class_list":["post-79483","post","type-post","status-publish","format-standard","has-post-thumbnail","hentry","category-locales","category-policiales-locales","tag-buenos-aires","tag-locales","tag-policiales"],"aioseo_notices":[],"gutentor_comment":0,"jetpack_featured_media_url":"https:\/\/eldiariodesanpedro.com.ar\/sitio\/wp-content\/uploads\/2020\/08\/clausura.jpg","jetpack_shortlink":"https:\/\/wp.me\/p6RhLt-kFZ","jetpack_sharing_enabled":true,"_links":{"self":[{"href":"https:\/\/eldiariodesanpedro.com.ar\/sitio\/wp-json\/wp\/v2\/posts\/79483","targetHints":{"allow":["GET"]}}],"collection":[{"href":"https:\/\/eldiariodesanpedro.com.ar\/sitio\/wp-json\/wp\/v2\/posts"}],"about":[{"href":"https:\/\/eldiariodesanpedro.com.ar\/sitio\/wp-json\/wp\/v2\/types\/post"}],"author":[{"embeddable":true,"href":"https:\/\/eldiariodesanpedro.com.ar\/sitio\/wp-json\/wp\/v2\/users\/4"}],"replies":[{"embeddable":true,"href":"https:\/\/eldiariodesanpedro.com.ar\/sitio\/wp-json\/wp\/v2\/comments?post=79483"}],"version-history":[{"count":1,"href":"https:\/\/eldiariodesanpedro.com.ar\/sitio\/wp-json\/wp\/v2\/posts\/79483\/revisions"}],"predecessor-version":[{"id":79485,"href":"https:\/\/eldiariodesanpedro.com.ar\/sitio\/wp-json\/wp\/v2\/posts\/79483\/revisions\/79485"}],"wp:featuredmedia":[{"embeddable":true,"href":"https:\/\/eldiariodesanpedro.com.ar\/sitio\/wp-json\/wp\/v2\/media\/79484"}],"wp:attachment":[{"href":"https:\/\/eldiariodesanpedro.com.ar\/sitio\/wp-json\/wp\/v2\/media?parent=79483"}],"wp:term":[{"taxonomy":"category","embeddable":true,"href":"https:\/\/eldiariodesanpedro.com.ar\/sitio\/wp-json\/wp\/v2\/categories?post=79483"},{"taxonomy":"post_tag","embeddable":true,"href":"https:\/\/eldiariodesanpedro.com.ar\/sitio\/wp-json\/wp\/v2\/tags?post=79483"}],"curies":[{"name":"wp","href":"https:\/\/api.w.org\/{rel}","templated":true}]}}